{"id":15372,"date":"2017-11-01T09:00:38","date_gmt":"2017-11-01T08:00:38","guid":{"rendered":"http:\/\/casa-interior.com\/2018\/04\/23\/kuchentime-structura-en-nuestra-exposicion-en-altea\/"},"modified":"2018-05-26T13:25:46","modified_gmt":"2018-05-26T11:25:46","slug":"kuchentime-structura-en-nuestra-exposicion-en-altea","status":"publish","type":"post","link":"https:\/\/casa-interior.com\/es\/2017\/11\/01\/kuchentime-structura-en-nuestra-exposicion-en-altea\/","title":{"rendered":"K\u00fcchentime Structura en nuestra exposici\u00f3n en Altea"},"content":{"rendered":"<div class=\"fusion-fullwidth fullwidth-box fusion-builder-row-1 nonhundred-percent-fullwidth non-hundred-percent-height-scrolling\" style=\"--awb-background-position:left top;--awb-border-radius-top-left:0px;--awb-border-radius-top-right:0px;--awb-border-radius-bottom-right:0px;--awb-border-radius-bottom-left:0px;--awb-padding-top:20px;--awb-padding-bottom:20px;--awb-border-sizes-top:0px;--awb-border-sizes-bottom:0px;--awb-flex-wrap:wrap;\" ><div class=\"fusion-builder-row fusion-row\"><div class=\"fusion-layout-column fusion_builder_column fusion-builder-column-0 fusion_builder_column_1_1 1_1 fusion-one-full fusion-column-first fusion-column-last\" style=\"--awb-padding-right:10%;--awb-padding-left:10%;--awb-bg-size:cover;\"><div class=\"fusion-column-wrapper fusion-flex-column-wrapper-legacy\"><div class=\"fusion-title title fusion-title-1 fusion-sep-none fusion-title-center fusion-title-text fusion-title-size-one\" style=\"--awb-margin-top-small:0px;--awb-margin-right-small:0px;--awb-margin-bottom-small:20px;--awb-margin-left-small:0px;\"><h1 class=\"fusion-title-heading title-heading-center fusion-responsive-typography-calculated\" style=\"margin:0;--fontSize:70;line-height:1.4;\"><h1 style=\"font-size: 50px; font-weight: 500;\">K\u00fcchentime Structura en nuestra exposici\u00f3n<\/h1><\/h1><\/div><div class=\"fusion-image-element fusion-image-align-center in-legacy-container\" style=\"text-align:center;--awb-caption-title-font-family:var(--h2_typography-font-family);--awb-caption-title-font-weight:var(--h2_typography-font-weight);--awb-caption-title-font-style:var(--h2_typography-font-style);--awb-caption-title-size:var(--h2_typography-font-size);--awb-caption-title-transform:var(--h2_typography-text-transform);--awb-caption-title-line-height:var(--h2_typography-line-height);--awb-caption-title-letter-spacing:var(--h2_typography-letter-spacing);\"><div class=\"imageframe-align-center\"><span class=\" fusion-imageframe imageframe-none imageframe-1 hover-type-none\"><img decoding=\"async\" width=\"54\" height=\"60\" alt=\"Logo Casa Interior\" title=\"Separador-Casa-Interior\" src=\"https:\/\/casa-interior.com\/wp-content\/uploads\/2018\/03\/Separador-Casa-Interior-1.png\" class=\"img-responsive wp-image-11980\"\/><\/span><\/div><\/div><div class=\"fusion-sep-clear\"><\/div><div class=\"fusion-separator fusion-full-width-sep\" style=\"margin-left: auto;margin-right: auto;margin-top:20px;width:100%;\"><\/div><div class=\"fusion-sep-clear\"><\/div><div class=\"fusion-text fusion-text-1\"><p style=\"font-weight: 16px; letter-spacing: 2px; text-align: center;\">Noticias Casa Interior \u00a0 \u2022 \u00a0 Noviembre, 2017<\/p>\n<\/div><div class=\"fusion-sep-clear\"><\/div><div class=\"fusion-separator fusion-full-width-sep\" style=\"margin-left: auto;margin-right: auto;margin-top:50px;width:100%;\"><\/div><div class=\"fusion-sep-clear\"><\/div><div class=\"fusion-text fusion-text-2\"><p><span class=\"fusion-dropcap dropcap dropcap-boxed\" style=\"--awb-border-radius:50%;\">U<\/span>na de las cosas que realmente nos gusta de la nueva cocina es el extractor Elica. No es necesario decir que todo el aire pasa a trav\u00e9s de un filtro para limpiarlo, pero tambi\u00e9n este extractor tiene la caracter\u00edstica de mantener la temperatura para que no desperdicie energ\u00eda, tenga que volver a enfriar o recalentar el aire en el resto de su casa. El dise\u00f1o es incre\u00edble y le da un toque genial a su nueva cocina.<\/p>\n<p>Esta cocina tiene una gran cantidad de armarios para almacenar, por lo que ser\u00e1 una cocina f\u00e1cil de mantener ordenada en todo momento. El frigor\u00edfico est\u00e1 integrado al lado del horno. Hemos elegido un color de contraste para esa parte de la cocina, para crear un aspecto atemporal moderno. La luz indirecta que se encuentra debajo de los estantes brinda la sensaci\u00f3n de comodidad y la luz de trabajo perfecta que toda cocina necesita. Esta cocina encajar\u00e1 perfectamente conectada a una sala de estar.<\/p>\n<\/div><div class=\"fusion-image-carousel fusion-image-carousel-auto fusion-image-carousel-1 lightbox-enabled fusion-carousel-border\"><div class=\"awb-carousel awb-swiper awb-swiper-carousel awb-carousel--carousel awb-swiper-dots-position-bottom\" data-layout=\"carousel\" data-autoplay=\"yes\" data-autoplayspeed=\"2500\" data-autoplaypause=\"no\" data-columns=\"1\" data-columnsmedium=\"1\" data-columnssmall=\"1\" data-itemmargin=\"13\" data-itemwidth=\"180\" data-touchscroll=\"no\" data-freemode=\"no\" data-imagesize=\"auto\" data-scrollitems=\"1\" data-centeredslides=\"no\" data-rotationangle=\"50\" data-depth=\"100\" data-speed=\"500\" data-shadow=\"no\" data-pagination=\"bullets\" style=\"--awb-columns:1;--awb-border-width:1px;--awb-border-color:#e9eaee;\"><div class=\"swiper-wrapper awb-image-carousel-wrapper fusion-flex-align-items-center\"><div class=\"swiper-slide\"><div class=\"fusion-carousel-item-wrapper\"><div class=\"fusion-image-wrapper hover-type-none\"><a data-rel=\"iLightbox[image_carousel_1]\" data-title=\"1\" aria-label=\"1\" href=\"https:\/\/casa-interior.com\/wp-content\/uploads\/2018\/03\/1-1-1024x603.jpg\" target=\"_self\"><img decoding=\"async\" width=\"1280\" height=\"754\" src=\"https:\/\/casa-interior.com\/wp-content\/uploads\/2018\/03\/1-1.jpg\" class=\"attachment-full size-full\" alt=\"Casa Interior K\u00fcchentime Structura 1\" srcset=\"https:\/\/casa-interior.com\/wp-content\/uploads\/2018\/03\/1-1-200x118.jpg 200w, https:\/\/casa-interior.com\/wp-content\/uploads\/2018\/03\/1-1-300x177.jpg 300w, https:\/\/casa-interior.com\/wp-content\/uploads\/2018\/03\/1-1-400x236.jpg 400w, https:\/\/casa-interior.com\/wp-content\/uploads\/2018\/03\/1-1-600x353.jpg 600w, https:\/\/casa-interior.com\/wp-content\/uploads\/2018\/03\/1-1-768x452.jpg 768w, https:\/\/casa-interior.com\/wp-content\/uploads\/2018\/03\/1-1-800x471.jpg 800w, https:\/\/casa-interior.com\/wp-content\/uploads\/2018\/03\/1-1-1024x603.jpg 1024w, https:\/\/casa-interior.com\/wp-content\/uploads\/2018\/03\/1-1-1200x707.jpg 1200w, https:\/\/casa-interior.com\/wp-content\/uploads\/2018\/03\/1-1.jpg 1280w\" sizes=\"(max-width: 1280px) 100vw, 1280px\" \/><\/a><\/div><\/div><\/div><div class=\"swiper-slide\"><div class=\"fusion-carousel-item-wrapper\"><div class=\"fusion-image-wrapper hover-type-none\"><a data-rel=\"iLightbox[image_carousel_1]\" data-title=\"2\" aria-label=\"2\" href=\"https:\/\/casa-interior.com\/wp-content\/uploads\/2018\/03\/2-1-1024x603.jpg\" target=\"_self\"><img decoding=\"async\" width=\"1280\" height=\"754\" src=\"https:\/\/casa-interior.com\/wp-content\/uploads\/2018\/03\/2-1.jpg\" class=\"attachment-full size-full\" alt=\"Casa Interior K\u00fcchentime Structura 2\" srcset=\"https:\/\/casa-interior.com\/wp-content\/uploads\/2018\/03\/2-1-200x118.jpg 200w, https:\/\/casa-interior.com\/wp-content\/uploads\/2018\/03\/2-1-300x177.jpg 300w, https:\/\/casa-interior.com\/wp-content\/uploads\/2018\/03\/2-1-400x236.jpg 400w, https:\/\/casa-interior.com\/wp-content\/uploads\/2018\/03\/2-1-600x353.jpg 600w, https:\/\/casa-interior.com\/wp-content\/uploads\/2018\/03\/2-1-768x452.jpg 768w, https:\/\/casa-interior.com\/wp-content\/uploads\/2018\/03\/2-1-800x471.jpg 800w, https:\/\/casa-interior.com\/wp-content\/uploads\/2018\/03\/2-1-1024x603.jpg 1024w, https:\/\/casa-interior.com\/wp-content\/uploads\/2018\/03\/2-1-1200x707.jpg 1200w, https:\/\/casa-interior.com\/wp-content\/uploads\/2018\/03\/2-1.jpg 1280w\" sizes=\"(max-width: 1280px) 100vw, 1280px\" \/><\/a><\/div><\/div><\/div><div class=\"swiper-slide\"><div class=\"fusion-carousel-item-wrapper\"><div class=\"fusion-image-wrapper hover-type-none\"><a data-rel=\"iLightbox[image_carousel_1]\" data-title=\"3\" aria-label=\"3\" href=\"https:\/\/casa-interior.com\/wp-content\/uploads\/2018\/03\/3-1-1024x603.jpg\" target=\"_self\"><img decoding=\"async\" width=\"1280\" height=\"754\" src=\"https:\/\/casa-interior.com\/wp-content\/uploads\/2018\/03\/3-1.jpg\" class=\"attachment-full size-full\" alt=\"Casa Interior K\u00fcchentime Structura 3\" srcset=\"https:\/\/casa-interior.com\/wp-content\/uploads\/2018\/03\/3-1-200x118.jpg 200w, https:\/\/casa-interior.com\/wp-content\/uploads\/2018\/03\/3-1-300x177.jpg 300w, https:\/\/casa-interior.com\/wp-content\/uploads\/2018\/03\/3-1-400x236.jpg 400w, https:\/\/casa-interior.com\/wp-content\/uploads\/2018\/03\/3-1-600x353.jpg 600w, https:\/\/casa-interior.com\/wp-content\/uploads\/2018\/03\/3-1-768x452.jpg 768w, https:\/\/casa-interior.com\/wp-content\/uploads\/2018\/03\/3-1-800x471.jpg 800w, https:\/\/casa-interior.com\/wp-content\/uploads\/2018\/03\/3-1-1024x603.jpg 1024w, https:\/\/casa-interior.com\/wp-content\/uploads\/2018\/03\/3-1-1200x707.jpg 1200w, https:\/\/casa-interior.com\/wp-content\/uploads\/2018\/03\/3-1.jpg 1280w\" sizes=\"(max-width: 1280px) 100vw, 1280px\" \/><\/a><\/div><\/div><\/div><\/div><div class=\"awb-swiper-button awb-swiper-button-prev\"><i class=\"awb-icon-angle-left\" aria-hidden=\"true\"><\/i><\/div><div class=\"awb-swiper-button awb-swiper-button-next\"><i class=\"awb-icon-angle-right\" aria-hidden=\"true\"><\/i><\/div><\/div><\/div><ul style=\"--awb-size:13px;--awb-line-height:22.1px;--awb-icon-width:22.1px;--awb-icon-height:22.1px;--awb-icon-margin:9.1px;--awb-content-margin:31.2px;\" class=\"fusion-checklist fusion-checklist-1 fusion-checklist-default type-icons\"><li class=\"fusion-li-item\" style=\"\"><span class=\"icon-wrapper circle-no\"><i class=\"fusion-li-icon fa fa-play\" aria-hidden=\"true\"><\/i><\/span><div class=\"fusion-li-item-content\">\n<p>Los muebles de cocina se componen de los modelos Structura 400 Gladstone Oak \/ modelo RIVA 891 cemento blanco con tirador de metal integrado n\u00famero 430.<\/p>\n<\/div><\/li><li class=\"fusion-li-item\" style=\"\"><span class=\"icon-wrapper circle-no\"><i class=\"fusion-li-icon fa fa-play\" aria-hidden=\"true\"><\/i><\/span><div class=\"fusion-li-item-content\">\n<p>La encimera es un compuesto de color de cuarzo COMPAC: Blanco Ama.<\/p>\n<\/div><\/li><li class=\"fusion-li-item\" style=\"\"><span class=\"icon-wrapper circle-no\"><i class=\"fusion-li-icon fa fa-play\" aria-hidden=\"true\"><\/i><\/span><div class=\"fusion-li-item-content\">\n<p>La placa es de inducci\u00f3n de 3 zonas y del grupo Electrolux, una marca llamada Leonard.<\/p>\n<\/div><\/li><li class=\"fusion-li-item\" style=\"\"><span class=\"icon-wrapper circle-no\"><i class=\"fusion-li-icon fa fa-play\" aria-hidden=\"true\"><\/i><\/span><div class=\"fusion-li-item-content\">El horno es AEG con la opci\u00f3n de agregar vapor para una cocci\u00f3n m\u00e1s crujiente.<\/div><\/li><li class=\"fusion-li-item\" style=\"\"><span class=\"icon-wrapper circle-no\"><i class=\"fusion-li-icon fa fa-play\" aria-hidden=\"true\"><\/i><\/span><div class=\"fusion-li-item-content\">\n<p>Fridge is from Juncker which is made by the Bosch \/ Siemens group.<\/p>\n<\/div><\/li><li class=\"fusion-li-item\" style=\"\"><span class=\"icon-wrapper circle-no\"><i class=\"fusion-li-icon fa fa-play\" aria-hidden=\"true\"><\/i><\/span><div class=\"fusion-li-item-content\">\n<p>El grifo es Ferman , hecho por Blanco y se llama Tivo en color Champagne para combinar con la encimera y la madera.<\/p>\n<\/div><\/li><li class=\"fusion-li-item\" style=\"\"><span class=\"icon-wrapper circle-no\"><i class=\"fusion-li-icon fa fa-play\" aria-hidden=\"true\"><\/i><\/span><div class=\"fusion-li-item-content\">\n<p>Finalmente, el fregadero es de Icoben, una marca llamada Apell de 50 cm de ancho por 40 cm de profundidad de acero inoxidable y modelo bajo encimera.<\/p>\n<\/div><\/li><\/ul><div class=\"fusion-text fusion-text-3\"><p>Pueden visitar nuestra nueva sala de exposici\u00f3n en Altea. \u00a1Nos vemos pronto!<\/p>\n<\/div><div class=\"fusion-clearfix\"><\/div><\/div><\/div><\/div><\/div>\n","protected":false},"excerpt":{"rendered":"<p>Una de las cosas que realmente nos gusta de la nueva cocina es el extractor Elica. No es necesario decir que todo el aire pasa a trav\u00e9s de un filtro para limpiarlo, pero tambi\u00e9n este extractor tiene la caracter\u00edstica de mantener la temperatura para que no desperdicie energ\u00eda, tenga que volver a enfriar o recalentar el aire en el resto de su casa. El dise\u00f1o es incre\u00edble y le da un toque genial a su nueva cocina.<\/p>\n","protected":false},"author":1,"featured_media":13908,"comment_status":"open","ping_status":"open","sticky":false,"template":"","format":"standard","meta":{"footnotes":""},"categories":[924],"tags":[925,920,921,173,927],"class_list":["post-15372","post","type-post","status-publish","format-standard","has-post-thumbnail","hentry","category-diseno","tag-blog-es","tag-casa-interior-es","tag-kuchentime-es","tag-showroom","tag-structura-es"],"yoast_head":"<!-- This site is optimized with the Yoast SEO plugin v27.3 - https:\/\/yoast.com\/product\/yoast-seo-wordpress\/ -->\n<title>Casa Interior - Blog - Noviembre 2017 - K\u00fcchentime en nuestra exposici\u00f3n<\/title>\n<meta name=\"robots\" content=\"index, follow, max-snippet:-1, max-image-preview:large, max-video-preview:-1\" \/>\n<link rel=\"canonical\" href=\"https:\/\/casa-interior.com\/es\/2017\/11\/01\/kuchentime-structura-en-nuestra-exposicion-en-altea\/\" \/>\n<meta property=\"og:locale\" content=\"es_ES\" \/>\n<meta property=\"og:type\" content=\"article\" \/>\n<meta property=\"og:title\" content=\"Casa Interior - Blog - Noviembre 2017 - K\u00fcchentime en nuestra exposici\u00f3n\" \/>\n<meta property=\"og:description\" content=\"Una de las cosas que realmente nos gusta de la nueva cocina es el extractor Elica. No es necesario decir que todo el aire pasa a trav\u00e9s de un filtro para limpiarlo, pero tambi\u00e9n este extractor tiene la caracter\u00edstica de mantener la temperatura para que no desperdicie energ\u00eda, tenga que volver a enfriar o recalentar el aire en el resto de su casa. El dise\u00f1o es incre\u00edble y le da un toque genial a su nueva cocina.\" \/>\n<meta property=\"og:url\" content=\"https:\/\/casa-interior.com\/es\/2017\/11\/01\/kuchentime-structura-en-nuestra-exposicion-en-altea\/\" \/>\n<meta property=\"og:site_name\" content=\"Casa Interior\" \/>\n<meta property=\"article:publisher\" content=\"https:\/\/www.facebook.com\/kitchens.costa.blanca\/\" \/>\n<meta property=\"article:published_time\" content=\"2017-11-01T08:00:38+00:00\" \/>\n<meta property=\"article:modified_time\" content=\"2018-05-26T11:25:46+00:00\" \/>\n<meta property=\"og:image\" content=\"https:\/\/casa-interior.com\/wp-content\/uploads\/2018\/03\/1-1.jpg\" \/>\n\t<meta property=\"og:image:width\" content=\"1280\" \/>\n\t<meta property=\"og:image:height\" content=\"754\" \/>\n\t<meta property=\"og:image:type\" content=\"image\/jpeg\" \/>\n<meta name=\"author\" content=\"niribas\" \/>\n<meta name=\"twitter:card\" content=\"summary_large_image\" \/>\n<meta name=\"twitter:label1\" content=\"Escrito por\" \/>\n\t<meta name=\"twitter:data1\" content=\"niribas\" \/>\n\t<meta name=\"twitter:label2\" content=\"Tiempo de lectura\" \/>\n\t<meta name=\"twitter:data2\" content=\"4 minutos\" \/>\n<script type=\"application\/ld+json\" class=\"yoast-schema-graph\">{\"@context\":\"https:\\\/\\\/schema.org\",\"@graph\":[{\"@type\":\"Article\",\"@id\":\"https:\\\/\\\/casa-interior.com\\\/es\\\/2017\\\/11\\\/01\\\/kuchentime-structura-en-nuestra-exposicion-en-altea\\\/#article\",\"isPartOf\":{\"@id\":\"https:\\\/\\\/casa-interior.com\\\/es\\\/2017\\\/11\\\/01\\\/kuchentime-structura-en-nuestra-exposicion-en-altea\\\/\"},\"author\":{\"name\":\"niribas\",\"@id\":\"https:\\\/\\\/casa-interior.com\\\/es\\\/#\\\/schema\\\/person\\\/20abc876fea262dc8fb98de5c5028bab\"},\"headline\":\"K\u00fcchentime Structura en nuestra exposici\u00f3n en Altea\",\"datePublished\":\"2017-11-01T08:00:38+00:00\",\"dateModified\":\"2018-05-26T11:25:46+00:00\",\"mainEntityOfPage\":{\"@id\":\"https:\\\/\\\/casa-interior.com\\\/es\\\/2017\\\/11\\\/01\\\/kuchentime-structura-en-nuestra-exposicion-en-altea\\\/\"},\"wordCount\":768,\"commentCount\":0,\"publisher\":{\"@id\":\"https:\\\/\\\/casa-interior.com\\\/es\\\/#organization\"},\"image\":{\"@id\":\"https:\\\/\\\/casa-interior.com\\\/es\\\/2017\\\/11\\\/01\\\/kuchentime-structura-en-nuestra-exposicion-en-altea\\\/#primaryimage\"},\"thumbnailUrl\":\"https:\\\/\\\/casa-interior.com\\\/wp-content\\\/uploads\\\/2018\\\/03\\\/1-1.jpg\",\"keywords\":[\"Blog\",\"Casa Interior\",\"K\u00fcchentime\",\"showroom\",\"Structura\"],\"articleSection\":[\"Dise\u00f1o\"],\"inLanguage\":\"es\",\"potentialAction\":[{\"@type\":\"CommentAction\",\"name\":\"Comment\",\"target\":[\"https:\\\/\\\/casa-interior.com\\\/es\\\/2017\\\/11\\\/01\\\/kuchentime-structura-en-nuestra-exposicion-en-altea\\\/#respond\"]}]},{\"@type\":\"WebPage\",\"@id\":\"https:\\\/\\\/casa-interior.com\\\/es\\\/2017\\\/11\\\/01\\\/kuchentime-structura-en-nuestra-exposicion-en-altea\\\/\",\"url\":\"https:\\\/\\\/casa-interior.com\\\/es\\\/2017\\\/11\\\/01\\\/kuchentime-structura-en-nuestra-exposicion-en-altea\\\/\",\"name\":\"Casa Interior - Blog - Noviembre 2017 - K\u00fcchentime en nuestra exposici\u00f3n\",\"isPartOf\":{\"@id\":\"https:\\\/\\\/casa-interior.com\\\/es\\\/#website\"},\"primaryImageOfPage\":{\"@id\":\"https:\\\/\\\/casa-interior.com\\\/es\\\/2017\\\/11\\\/01\\\/kuchentime-structura-en-nuestra-exposicion-en-altea\\\/#primaryimage\"},\"image\":{\"@id\":\"https:\\\/\\\/casa-interior.com\\\/es\\\/2017\\\/11\\\/01\\\/kuchentime-structura-en-nuestra-exposicion-en-altea\\\/#primaryimage\"},\"thumbnailUrl\":\"https:\\\/\\\/casa-interior.com\\\/wp-content\\\/uploads\\\/2018\\\/03\\\/1-1.jpg\",\"datePublished\":\"2017-11-01T08:00:38+00:00\",\"dateModified\":\"2018-05-26T11:25:46+00:00\",\"breadcrumb\":{\"@id\":\"https:\\\/\\\/casa-interior.com\\\/es\\\/2017\\\/11\\\/01\\\/kuchentime-structura-en-nuestra-exposicion-en-altea\\\/#breadcrumb\"},\"inLanguage\":\"es\",\"potentialAction\":[{\"@type\":\"ReadAction\",\"target\":[\"https:\\\/\\\/casa-interior.com\\\/es\\\/2017\\\/11\\\/01\\\/kuchentime-structura-en-nuestra-exposicion-en-altea\\\/\"]}]},{\"@type\":\"ImageObject\",\"inLanguage\":\"es\",\"@id\":\"https:\\\/\\\/casa-interior.com\\\/es\\\/2017\\\/11\\\/01\\\/kuchentime-structura-en-nuestra-exposicion-en-altea\\\/#primaryimage\",\"url\":\"https:\\\/\\\/casa-interior.com\\\/wp-content\\\/uploads\\\/2018\\\/03\\\/1-1.jpg\",\"contentUrl\":\"https:\\\/\\\/casa-interior.com\\\/wp-content\\\/uploads\\\/2018\\\/03\\\/1-1.jpg\",\"width\":1280,\"height\":754},{\"@type\":\"BreadcrumbList\",\"@id\":\"https:\\\/\\\/casa-interior.com\\\/es\\\/2017\\\/11\\\/01\\\/kuchentime-structura-en-nuestra-exposicion-en-altea\\\/#breadcrumb\",\"itemListElement\":[{\"@type\":\"ListItem\",\"position\":1,\"name\":\"Portada\",\"item\":\"https:\\\/\\\/casa-interior.com\\\/es\\\/casa-interior\\\/\"},{\"@type\":\"ListItem\",\"position\":2,\"name\":\"K\u00fcchentime Structura en nuestra exposici\u00f3n en Altea\"}]},{\"@type\":\"WebSite\",\"@id\":\"https:\\\/\\\/casa-interior.com\\\/es\\\/#website\",\"url\":\"https:\\\/\\\/casa-interior.com\\\/es\\\/\",\"name\":\"Casa Interior\",\"description\":\"Kitchen Designers in Costa Blanca\",\"publisher\":{\"@id\":\"https:\\\/\\\/casa-interior.com\\\/es\\\/#organization\"},\"potentialAction\":[{\"@type\":\"SearchAction\",\"target\":{\"@type\":\"EntryPoint\",\"urlTemplate\":\"https:\\\/\\\/casa-interior.com\\\/es\\\/?s={search_term_string}\"},\"query-input\":{\"@type\":\"PropertyValueSpecification\",\"valueRequired\":true,\"valueName\":\"search_term_string\"}}],\"inLanguage\":\"es\"},{\"@type\":\"Organization\",\"@id\":\"https:\\\/\\\/casa-interior.com\\\/es\\\/#organization\",\"name\":\"Casa Interior\",\"url\":\"https:\\\/\\\/casa-interior.com\\\/es\\\/\",\"logo\":{\"@type\":\"ImageObject\",\"inLanguage\":\"es\",\"@id\":\"https:\\\/\\\/casa-interior.com\\\/es\\\/#\\\/schema\\\/logo\\\/image\\\/\",\"url\":\"https:\\\/\\\/casa-interior.com\\\/wp-content\\\/uploads\\\/2018\\\/03\\\/Logo-Casa-Interior-nuevo-150px.png\",\"contentUrl\":\"https:\\\/\\\/casa-interior.com\\\/wp-content\\\/uploads\\\/2018\\\/03\\\/Logo-Casa-Interior-nuevo-150px.png\",\"width\":150,\"height\":150,\"caption\":\"Casa Interior\"},\"image\":{\"@id\":\"https:\\\/\\\/casa-interior.com\\\/es\\\/#\\\/schema\\\/logo\\\/image\\\/\"},\"sameAs\":[\"https:\\\/\\\/www.facebook.com\\\/kitchens.costa.blanca\\\/\",\"https:\\\/\\\/www.instagram.com\\\/casainterioraltea\"]},{\"@type\":\"Person\",\"@id\":\"https:\\\/\\\/casa-interior.com\\\/es\\\/#\\\/schema\\\/person\\\/20abc876fea262dc8fb98de5c5028bab\",\"name\":\"niribas\",\"image\":{\"@type\":\"ImageObject\",\"inLanguage\":\"es\",\"@id\":\"https:\\\/\\\/secure.gravatar.com\\\/avatar\\\/cb35377b7c77649f38257f3ba6dc37b9c641db662db8478298a0d0522c4224a9?s=96&d=mm&r=g\",\"url\":\"https:\\\/\\\/secure.gravatar.com\\\/avatar\\\/cb35377b7c77649f38257f3ba6dc37b9c641db662db8478298a0d0522c4224a9?s=96&d=mm&r=g\",\"contentUrl\":\"https:\\\/\\\/secure.gravatar.com\\\/avatar\\\/cb35377b7c77649f38257f3ba6dc37b9c641db662db8478298a0d0522c4224a9?s=96&d=mm&r=g\",\"caption\":\"niribas\"},\"url\":\"https:\\\/\\\/casa-interior.com\\\/es\\\/author\\\/niribas\\\/\"}]}<\/script>\n<!-- \/ Yoast SEO plugin. -->","yoast_head_json":{"title":"Casa Interior - Blog - Noviembre 2017 - K\u00fcchentime en nuestra exposici\u00f3n","robots":{"index":"index","follow":"follow","max-snippet":"max-snippet:-1","max-image-preview":"max-image-preview:large","max-video-preview":"max-video-preview:-1"},"canonical":"https:\/\/casa-interior.com\/es\/2017\/11\/01\/kuchentime-structura-en-nuestra-exposicion-en-altea\/","og_locale":"es_ES","og_type":"article","og_title":"Casa Interior - Blog - Noviembre 2017 - K\u00fcchentime en nuestra exposici\u00f3n","og_description":"Una de las cosas que realmente nos gusta de la nueva cocina es el extractor Elica. No es necesario decir que todo el aire pasa a trav\u00e9s de un filtro para limpiarlo, pero tambi\u00e9n este extractor tiene la caracter\u00edstica de mantener la temperatura para que no desperdicie energ\u00eda, tenga que volver a enfriar o recalentar el aire en el resto de su casa. El dise\u00f1o es incre\u00edble y le da un toque genial a su nueva cocina.","og_url":"https:\/\/casa-interior.com\/es\/2017\/11\/01\/kuchentime-structura-en-nuestra-exposicion-en-altea\/","og_site_name":"Casa Interior","article_publisher":"https:\/\/www.facebook.com\/kitchens.costa.blanca\/","article_published_time":"2017-11-01T08:00:38+00:00","article_modified_time":"2018-05-26T11:25:46+00:00","og_image":[{"width":1280,"height":754,"url":"https:\/\/casa-interior.com\/wp-content\/uploads\/2018\/03\/1-1.jpg","type":"image\/jpeg"}],"author":"niribas","twitter_card":"summary_large_image","twitter_misc":{"Escrito por":"niribas","Tiempo de lectura":"4 minutos"},"schema":{"@context":"https:\/\/schema.org","@graph":[{"@type":"Article","@id":"https:\/\/casa-interior.com\/es\/2017\/11\/01\/kuchentime-structura-en-nuestra-exposicion-en-altea\/#article","isPartOf":{"@id":"https:\/\/casa-interior.com\/es\/2017\/11\/01\/kuchentime-structura-en-nuestra-exposicion-en-altea\/"},"author":{"name":"niribas","@id":"https:\/\/casa-interior.com\/es\/#\/schema\/person\/20abc876fea262dc8fb98de5c5028bab"},"headline":"K\u00fcchentime Structura en nuestra exposici\u00f3n en Altea","datePublished":"2017-11-01T08:00:38+00:00","dateModified":"2018-05-26T11:25:46+00:00","mainEntityOfPage":{"@id":"https:\/\/casa-interior.com\/es\/2017\/11\/01\/kuchentime-structura-en-nuestra-exposicion-en-altea\/"},"wordCount":768,"commentCount":0,"publisher":{"@id":"https:\/\/casa-interior.com\/es\/#organization"},"image":{"@id":"https:\/\/casa-interior.com\/es\/2017\/11\/01\/kuchentime-structura-en-nuestra-exposicion-en-altea\/#primaryimage"},"thumbnailUrl":"https:\/\/casa-interior.com\/wp-content\/uploads\/2018\/03\/1-1.jpg","keywords":["Blog","Casa Interior","K\u00fcchentime","showroom","Structura"],"articleSection":["Dise\u00f1o"],"inLanguage":"es","potentialAction":[{"@type":"CommentAction","name":"Comment","target":["https:\/\/casa-interior.com\/es\/2017\/11\/01\/kuchentime-structura-en-nuestra-exposicion-en-altea\/#respond"]}]},{"@type":"WebPage","@id":"https:\/\/casa-interior.com\/es\/2017\/11\/01\/kuchentime-structura-en-nuestra-exposicion-en-altea\/","url":"https:\/\/casa-interior.com\/es\/2017\/11\/01\/kuchentime-structura-en-nuestra-exposicion-en-altea\/","name":"Casa Interior - Blog - Noviembre 2017 - K\u00fcchentime en nuestra exposici\u00f3n","isPartOf":{"@id":"https:\/\/casa-interior.com\/es\/#website"},"primaryImageOfPage":{"@id":"https:\/\/casa-interior.com\/es\/2017\/11\/01\/kuchentime-structura-en-nuestra-exposicion-en-altea\/#primaryimage"},"image":{"@id":"https:\/\/casa-interior.com\/es\/2017\/11\/01\/kuchentime-structura-en-nuestra-exposicion-en-altea\/#primaryimage"},"thumbnailUrl":"https:\/\/casa-interior.com\/wp-content\/uploads\/2018\/03\/1-1.jpg","datePublished":"2017-11-01T08:00:38+00:00","dateModified":"2018-05-26T11:25:46+00:00","breadcrumb":{"@id":"https:\/\/casa-interior.com\/es\/2017\/11\/01\/kuchentime-structura-en-nuestra-exposicion-en-altea\/#breadcrumb"},"inLanguage":"es","potentialAction":[{"@type":"ReadAction","target":["https:\/\/casa-interior.com\/es\/2017\/11\/01\/kuchentime-structura-en-nuestra-exposicion-en-altea\/"]}]},{"@type":"ImageObject","inLanguage":"es","@id":"https:\/\/casa-interior.com\/es\/2017\/11\/01\/kuchentime-structura-en-nuestra-exposicion-en-altea\/#primaryimage","url":"https:\/\/casa-interior.com\/wp-content\/uploads\/2018\/03\/1-1.jpg","contentUrl":"https:\/\/casa-interior.com\/wp-content\/uploads\/2018\/03\/1-1.jpg","width":1280,"height":754},{"@type":"BreadcrumbList","@id":"https:\/\/casa-interior.com\/es\/2017\/11\/01\/kuchentime-structura-en-nuestra-exposicion-en-altea\/#breadcrumb","itemListElement":[{"@type":"ListItem","position":1,"name":"Portada","item":"https:\/\/casa-interior.com\/es\/casa-interior\/"},{"@type":"ListItem","position":2,"name":"K\u00fcchentime Structura en nuestra exposici\u00f3n en Altea"}]},{"@type":"WebSite","@id":"https:\/\/casa-interior.com\/es\/#website","url":"https:\/\/casa-interior.com\/es\/","name":"Casa Interior","description":"Kitchen Designers in Costa Blanca","publisher":{"@id":"https:\/\/casa-interior.com\/es\/#organization"},"potentialAction":[{"@type":"SearchAction","target":{"@type":"EntryPoint","urlTemplate":"https:\/\/casa-interior.com\/es\/?s={search_term_string}"},"query-input":{"@type":"PropertyValueSpecification","valueRequired":true,"valueName":"search_term_string"}}],"inLanguage":"es"},{"@type":"Organization","@id":"https:\/\/casa-interior.com\/es\/#organization","name":"Casa Interior","url":"https:\/\/casa-interior.com\/es\/","logo":{"@type":"ImageObject","inLanguage":"es","@id":"https:\/\/casa-interior.com\/es\/#\/schema\/logo\/image\/","url":"https:\/\/casa-interior.com\/wp-content\/uploads\/2018\/03\/Logo-Casa-Interior-nuevo-150px.png","contentUrl":"https:\/\/casa-interior.com\/wp-content\/uploads\/2018\/03\/Logo-Casa-Interior-nuevo-150px.png","width":150,"height":150,"caption":"Casa Interior"},"image":{"@id":"https:\/\/casa-interior.com\/es\/#\/schema\/logo\/image\/"},"sameAs":["https:\/\/www.facebook.com\/kitchens.costa.blanca\/","https:\/\/www.instagram.com\/casainterioraltea"]},{"@type":"Person","@id":"https:\/\/casa-interior.com\/es\/#\/schema\/person\/20abc876fea262dc8fb98de5c5028bab","name":"niribas","image":{"@type":"ImageObject","inLanguage":"es","@id":"https:\/\/secure.gravatar.com\/avatar\/cb35377b7c77649f38257f3ba6dc37b9c641db662db8478298a0d0522c4224a9?s=96&d=mm&r=g","url":"https:\/\/secure.gravatar.com\/avatar\/cb35377b7c77649f38257f3ba6dc37b9c641db662db8478298a0d0522c4224a9?s=96&d=mm&r=g","contentUrl":"https:\/\/secure.gravatar.com\/avatar\/cb35377b7c77649f38257f3ba6dc37b9c641db662db8478298a0d0522c4224a9?s=96&d=mm&r=g","caption":"niribas"},"url":"https:\/\/casa-interior.com\/es\/author\/niribas\/"}]}},"_links":{"self":[{"href":"https:\/\/casa-interior.com\/es\/wp-json\/wp\/v2\/posts\/15372","targetHints":{"allow":["GET"]}}],"collection":[{"href":"https:\/\/casa-interior.com\/es\/wp-json\/wp\/v2\/posts"}],"about":[{"href":"https:\/\/casa-interior.com\/es\/wp-json\/wp\/v2\/types\/post"}],"author":[{"embeddable":true,"href":"https:\/\/casa-interior.com\/es\/wp-json\/wp\/v2\/users\/1"}],"replies":[{"embeddable":true,"href":"https:\/\/casa-interior.com\/es\/wp-json\/wp\/v2\/comments?post=15372"}],"version-history":[{"count":0,"href":"https:\/\/casa-interior.com\/es\/wp-json\/wp\/v2\/posts\/15372\/revisions"}],"wp:featuredmedia":[{"embeddable":true,"href":"https:\/\/casa-interior.com\/es\/wp-json\/wp\/v2\/media\/13908"}],"wp:attachment":[{"href":"https:\/\/casa-interior.com\/es\/wp-json\/wp\/v2\/media?parent=15372"}],"wp:term":[{"taxonomy":"category","embeddable":true,"href":"https:\/\/casa-interior.com\/es\/wp-json\/wp\/v2\/categories?post=15372"},{"taxonomy":"post_tag","embeddable":true,"href":"https:\/\/casa-interior.com\/es\/wp-json\/wp\/v2\/tags?post=15372"}],"curies":[{"name":"wp","href":"https:\/\/api.w.org\/{rel}","templated":true}]}}