{"id":17323,"date":"2017-10-01T09:00:15","date_gmt":"2017-10-01T07:00:15","guid":{"rendered":"https:\/\/casa-interior.com\/2018\/05\/26\/kuchentime-en-nuestra-exposicion-de-altea\/"},"modified":"2018-05-26T13:26:23","modified_gmt":"2018-05-26T11:26:23","slug":"kuchentime-en-nuestra-exposicion-de-altea","status":"publish","type":"post","link":"https:\/\/casa-interior.com\/es\/2017\/10\/01\/kuchentime-en-nuestra-exposicion-de-altea\/","title":{"rendered":"K\u00fcchentime en nuestra exposici\u00f3n de Altea"},"content":{"rendered":"<div class=\"fusion-fullwidth fullwidth-box fusion-builder-row-1 nonhundred-percent-fullwidth non-hundred-percent-height-scrolling\" style=\"--awb-background-position:left top;--awb-border-radius-top-left:0px;--awb-border-radius-top-right:0px;--awb-border-radius-bottom-right:0px;--awb-border-radius-bottom-left:0px;--awb-padding-top:20px;--awb-padding-bottom:20px;--awb-border-sizes-top:0px;--awb-border-sizes-bottom:0px;--awb-flex-wrap:wrap;\" ><div class=\"fusion-builder-row fusion-row\"><div class=\"fusion-layout-column fusion_builder_column fusion-builder-column-0 fusion_builder_column_1_1 1_1 fusion-one-full fusion-column-first fusion-column-last\" style=\"--awb-padding-right:10%;--awb-padding-left:10%;--awb-bg-size:cover;\"><div class=\"fusion-column-wrapper fusion-flex-column-wrapper-legacy\"><div class=\"fusion-title title fusion-title-1 fusion-sep-none fusion-title-center fusion-title-text fusion-title-size-one\" style=\"--awb-margin-top-small:0px;--awb-margin-right-small:0px;--awb-margin-bottom-small:20px;--awb-margin-left-small:0px;\"><h1 class=\"fusion-title-heading title-heading-center fusion-responsive-typography-calculated\" style=\"margin:0;--fontSize:70;line-height:1.4;\"><h1 style=\"font-size: 50px; font-weight: 500;\">K\u00fcchentime en nuestra exposici\u00f3n<\/h1><\/h1><\/div><div class=\"fusion-image-element fusion-image-align-center in-legacy-container\" style=\"text-align:center;--awb-caption-title-font-family:var(--h2_typography-font-family);--awb-caption-title-font-weight:var(--h2_typography-font-weight);--awb-caption-title-font-style:var(--h2_typography-font-style);--awb-caption-title-size:var(--h2_typography-font-size);--awb-caption-title-transform:var(--h2_typography-text-transform);--awb-caption-title-line-height:var(--h2_typography-line-height);--awb-caption-title-letter-spacing:var(--h2_typography-letter-spacing);\"><div class=\"imageframe-align-center\"><span class=\" fusion-imageframe imageframe-none imageframe-1 hover-type-none\"><img decoding=\"async\" width=\"54\" height=\"60\" title=\"Separador-Casa-Interior\" src=\"https:\/\/casa-interior.com\/wp-content\/uploads\/2018\/03\/Separador-Casa-Interior-1.png\" alt class=\"img-responsive wp-image-11980\"\/><\/span><\/div><\/div><div class=\"fusion-sep-clear\"><\/div><div class=\"fusion-separator fusion-full-width-sep\" style=\"margin-left: auto;margin-right: auto;margin-top:20px;width:100%;\"><\/div><div class=\"fusion-sep-clear\"><\/div><div class=\"fusion-text fusion-text-1\"><p style=\"font-weight: 16px; letter-spacing: 2px; text-align: center;\">Noticias Casa Interior \u2022 \u00a0 Octubre, 2017<\/p>\n<\/div><div class=\"fusion-sep-clear\"><\/div><div class=\"fusion-separator fusion-full-width-sep\" style=\"margin-left: auto;margin-right: auto;margin-top:50px;width:100%;\"><\/div><div class=\"fusion-sep-clear\"><\/div><div class=\"fusion-image-element fusion-image-align-center in-legacy-container\" style=\"text-align:center;--awb-liftup-border-radius:0px;--awb-caption-title-font-family:var(--h2_typography-font-family);--awb-caption-title-font-weight:var(--h2_typography-font-weight);--awb-caption-title-font-style:var(--h2_typography-font-style);--awb-caption-title-size:var(--h2_typography-font-size);--awb-caption-title-transform:var(--h2_typography-text-transform);--awb-caption-title-line-height:var(--h2_typography-line-height);--awb-caption-title-letter-spacing:var(--h2_typography-letter-spacing);\"><div class=\"imageframe-align-center\"><div class=\"awb-image-frame awb-image-frame-2 imageframe-liftup\"><span class=\" fusion-imageframe imageframe-none imageframe-2\"><img decoding=\"async\" width=\"1024\" height=\"603\" title=\"2\" src=\"https:\/\/casa-interior.com\/wp-content\/uploads\/2018\/03\/2-1024x603.jpg\" alt class=\"img-responsive wp-image-13894\" srcset=\"https:\/\/casa-interior.com\/wp-content\/uploads\/2018\/03\/2-200x118.jpg 200w, https:\/\/casa-interior.com\/wp-content\/uploads\/2018\/03\/2-400x236.jpg 400w, https:\/\/casa-interior.com\/wp-content\/uploads\/2018\/03\/2-600x353.jpg 600w, https:\/\/casa-interior.com\/wp-content\/uploads\/2018\/03\/2-800x471.jpg 800w, https:\/\/casa-interior.com\/wp-content\/uploads\/2018\/03\/2-1200x707.jpg 1200w, https:\/\/casa-interior.com\/wp-content\/uploads\/2018\/03\/2.jpg 1280w\" sizes=\"(max-width: 800px) 100vw, 1200px\" \/><\/span><\/div><\/div><\/div><div class=\"fusion-sep-clear\"><\/div><div class=\"fusion-separator fusion-full-width-sep\" style=\"margin-left: auto;margin-right: auto;margin-top:50px;width:100%;\"><\/div><div class=\"fusion-sep-clear\"><\/div><div class=\"fusion-text fusion-text-2\"><p><span class=\"fusion-dropcap dropcap dropcap-boxed\" style=\"--awb-border-radius:50%;\">T<\/span>enemos el placer de mostrarles nuestra nueva cocina de exposici\u00f3n en nuestra tienda de <strong>Altea<\/strong>. Nos hemos decidido por un estilo moderno ofrecido por <a href=\"https:\/\/casa-interior.com\/es\/portfolio_tags\/kuchentime-es\/\">K\u00fcchentime<\/a>, el modelo <a href=\"https:\/\/casa-interior.com\/es\/portfolio-items\/kuchentime-inline-551\/\">Inline<\/a>, del que estamos muy orgullosos. La cocina est\u00e1 dividida en tres partes:<\/p>\n<p>&#8211; La primera parte tiene el grifo y el fregadero con acabado en cobre de D&#8217;aqua, la placa de inducci\u00f3n con el extractor incorporado en superficie de la marca Elica y el lavavajillas de 45cm completamente integrado de nuestro fabricante Bosch. Tambi\u00e9n se pueden admirar los armarios altos y la encimera con ese aspecto de metal antiguo y oxidado. Las tiras con mosaico de los muebles a la encimera ha sido un acierto por parte de nuestros dise\u00f1adores.<\/p>\n<p>&#8211; La segunda parte es la isla, con un cristal transparente integrado en la parte superior para ver la organizaci\u00f3n de los cajones del mueble. La isla se compone de un \u00fanico mueble de 120 cm con 3 grandes cajones y una estupenda barra de desayuno conectada al suelo por un cristal transparente, que hace el efecto de estar suspendida en el aire.<\/p>\n<p>&#8211; La tercera parte son las columnas con todos los muebles y electrodom\u00e9sticos necesarios integrados, el frigor\u00edfico (Liebherr), el horno y el microondas (De Dietrich) con un estupendo calienta platos. Todo el conjunto de armarios ha sido enmarcado con el mismo y elegante mosaico que contrasta con el fondo blanco de color Alpine super mate de los armarios.<\/p>\n<p>Deseamos que les haya gustado el dise\u00f1o de nuestra cocina en <a href=\"https:\/\/casa-interior.com\/es\/\">Casa Interior<\/a> Altea.<\/p>\n<p>Pueden visitarnos cuando quieran o concertar una <a href=\"https:\/\/casa-interior.com\/es\/contacto-casa-interior\/\">cita<\/a> para empezar el dise\u00f1o de la cocina de sus sue\u00f1os.<\/p>\n<\/div><div class=\"fusion-image-carousel fusion-image-carousel-auto fusion-image-carousel-1 lightbox-enabled fusion-carousel-border\"><div class=\"awb-carousel awb-swiper awb-swiper-carousel awb-carousel--carousel awb-swiper-dots-position-bottom\" data-layout=\"carousel\" data-autoplay=\"yes\" data-autoplayspeed=\"2500\" data-autoplaypause=\"no\" data-columns=\"2\" data-columnsmedium=\"1\" data-columnssmall=\"1\" data-itemmargin=\"13\" data-itemwidth=\"180\" data-touchscroll=\"no\" data-freemode=\"no\" data-imagesize=\"auto\" data-scrollitems=\"1\" data-centeredslides=\"no\" data-rotationangle=\"50\" data-depth=\"100\" data-speed=\"500\" data-shadow=\"no\" data-pagination=\"bullets\" style=\"--awb-columns:2;--awb-border-width:1px;--awb-border-color:#e9eaee;\"><div class=\"swiper-wrapper awb-image-carousel-wrapper fusion-flex-align-items-center\"><div class=\"swiper-slide\"><div class=\"fusion-carousel-item-wrapper\"><div class=\"fusion-image-wrapper hover-type-none\"><a data-rel=\"iLightbox[image_carousel_1]\" data-title=\"1\" aria-label=\"1\" href=\"https:\/\/casa-interior.com\/wp-content\/uploads\/2018\/03\/1-1024x603.jpg\" target=\"_self\"><img decoding=\"async\" width=\"1280\" height=\"754\" src=\"https:\/\/casa-interior.com\/wp-content\/uploads\/2018\/03\/1.jpg\" class=\"attachment-full size-full\" alt=\"\" srcset=\"https:\/\/casa-interior.com\/wp-content\/uploads\/2018\/03\/1-200x118.jpg 200w, https:\/\/casa-interior.com\/wp-content\/uploads\/2018\/03\/1-400x236.jpg 400w, https:\/\/casa-interior.com\/wp-content\/uploads\/2018\/03\/1-600x353.jpg 600w, https:\/\/casa-interior.com\/wp-content\/uploads\/2018\/03\/1-800x471.jpg 800w, https:\/\/casa-interior.com\/wp-content\/uploads\/2018\/03\/1-1200x707.jpg 1200w, https:\/\/casa-interior.com\/wp-content\/uploads\/2018\/03\/1.jpg 1280w\" sizes=\"(min-width: 2200px) 100vw, (min-width: 712px) 579px, (min-width: 640px) 712px, \" \/><\/a><\/div><\/div><\/div><div class=\"swiper-slide\"><div class=\"fusion-carousel-item-wrapper\"><div class=\"fusion-image-wrapper hover-type-none\"><a data-rel=\"iLightbox[image_carousel_1]\" data-title=\"3\" aria-label=\"3\" href=\"https:\/\/casa-interior.com\/wp-content\/uploads\/2018\/03\/3-1024x603.jpg\" target=\"_self\"><img decoding=\"async\" width=\"1280\" height=\"754\" src=\"https:\/\/casa-interior.com\/wp-content\/uploads\/2018\/03\/3.jpg\" class=\"attachment-full size-full\" alt=\"\" srcset=\"https:\/\/casa-interior.com\/wp-content\/uploads\/2018\/03\/3-200x118.jpg 200w, https:\/\/casa-interior.com\/wp-content\/uploads\/2018\/03\/3-400x236.jpg 400w, https:\/\/casa-interior.com\/wp-content\/uploads\/2018\/03\/3-600x353.jpg 600w, https:\/\/casa-interior.com\/wp-content\/uploads\/2018\/03\/3-800x471.jpg 800w, https:\/\/casa-interior.com\/wp-content\/uploads\/2018\/03\/3-1200x707.jpg 1200w, https:\/\/casa-interior.com\/wp-content\/uploads\/2018\/03\/3.jpg 1280w\" sizes=\"(min-width: 2200px) 100vw, (min-width: 712px) 579px, (min-width: 640px) 712px, \" \/><\/a><\/div><\/div><\/div><div class=\"swiper-slide\"><div class=\"fusion-carousel-item-wrapper\"><div class=\"fusion-image-wrapper hover-type-none\"><a data-rel=\"iLightbox[image_carousel_1]\" data-title=\"4\" aria-label=\"4\" href=\"https:\/\/casa-interior.com\/wp-content\/uploads\/2018\/03\/4-1024x603.jpg\" target=\"_self\"><img decoding=\"async\" width=\"1280\" height=\"754\" src=\"https:\/\/casa-interior.com\/wp-content\/uploads\/2018\/03\/4.jpg\" class=\"attachment-full size-full\" alt=\"\" srcset=\"https:\/\/casa-interior.com\/wp-content\/uploads\/2018\/03\/4-200x118.jpg 200w, https:\/\/casa-interior.com\/wp-content\/uploads\/2018\/03\/4-400x236.jpg 400w, https:\/\/casa-interior.com\/wp-content\/uploads\/2018\/03\/4-600x353.jpg 600w, https:\/\/casa-interior.com\/wp-content\/uploads\/2018\/03\/4-800x471.jpg 800w, https:\/\/casa-interior.com\/wp-content\/uploads\/2018\/03\/4-1200x707.jpg 1200w, https:\/\/casa-interior.com\/wp-content\/uploads\/2018\/03\/4.jpg 1280w\" sizes=\"(min-width: 2200px) 100vw, (min-width: 712px) 579px, (min-width: 640px) 712px, \" \/><\/a><\/div><\/div><\/div><div class=\"swiper-slide\"><div class=\"fusion-carousel-item-wrapper\"><div class=\"fusion-image-wrapper hover-type-none\"><a data-rel=\"iLightbox[image_carousel_1]\" data-title=\"5\" aria-label=\"5\" href=\"https:\/\/casa-interior.com\/wp-content\/uploads\/2018\/03\/5-1024x603.jpg\" target=\"_self\"><img decoding=\"async\" width=\"1280\" height=\"754\" src=\"https:\/\/casa-interior.com\/wp-content\/uploads\/2018\/03\/5.jpg\" class=\"attachment-full size-full\" alt=\"\" srcset=\"https:\/\/casa-interior.com\/wp-content\/uploads\/2018\/03\/5-200x118.jpg 200w, https:\/\/casa-interior.com\/wp-content\/uploads\/2018\/03\/5-400x236.jpg 400w, https:\/\/casa-interior.com\/wp-content\/uploads\/2018\/03\/5-600x353.jpg 600w, https:\/\/casa-interior.com\/wp-content\/uploads\/2018\/03\/5-800x471.jpg 800w, https:\/\/casa-interior.com\/wp-content\/uploads\/2018\/03\/5-1200x707.jpg 1200w, https:\/\/casa-interior.com\/wp-content\/uploads\/2018\/03\/5.jpg 1280w\" sizes=\"(min-width: 2200px) 100vw, (min-width: 712px) 579px, (min-width: 640px) 712px, \" \/><\/a><\/div><\/div><\/div><div class=\"swiper-slide\"><div class=\"fusion-carousel-item-wrapper\"><div class=\"fusion-image-wrapper hover-type-none\"><a data-rel=\"iLightbox[image_carousel_1]\" data-title=\"6\" aria-label=\"6\" href=\"https:\/\/casa-interior.com\/wp-content\/uploads\/2018\/03\/6-1024x603.jpg\" target=\"_self\"><img decoding=\"async\" width=\"1280\" height=\"754\" src=\"https:\/\/casa-interior.com\/wp-content\/uploads\/2018\/03\/6.jpg\" class=\"attachment-full size-full\" alt=\"\" srcset=\"https:\/\/casa-interior.com\/wp-content\/uploads\/2018\/03\/6-200x118.jpg 200w, https:\/\/casa-interior.com\/wp-content\/uploads\/2018\/03\/6-400x236.jpg 400w, https:\/\/casa-interior.com\/wp-content\/uploads\/2018\/03\/6-600x353.jpg 600w, https:\/\/casa-interior.com\/wp-content\/uploads\/2018\/03\/6-800x471.jpg 800w, https:\/\/casa-interior.com\/wp-content\/uploads\/2018\/03\/6-1200x707.jpg 1200w, https:\/\/casa-interior.com\/wp-content\/uploads\/2018\/03\/6.jpg 1280w\" sizes=\"(min-width: 2200px) 100vw, (min-width: 712px) 579px, (min-width: 640px) 712px, \" \/><\/a><\/div><\/div><\/div><div class=\"swiper-slide\"><div class=\"fusion-carousel-item-wrapper\"><div class=\"fusion-image-wrapper hover-type-none\"><a data-rel=\"iLightbox[image_carousel_1]\" data-title=\"7\" aria-label=\"7\" href=\"https:\/\/casa-interior.com\/wp-content\/uploads\/2018\/03\/7-1024x603.jpg\" target=\"_self\"><img decoding=\"async\" width=\"1280\" height=\"754\" src=\"https:\/\/casa-interior.com\/wp-content\/uploads\/2018\/03\/7.jpg\" class=\"attachment-full size-full\" alt=\"\" srcset=\"https:\/\/casa-interior.com\/wp-content\/uploads\/2018\/03\/7-200x118.jpg 200w, https:\/\/casa-interior.com\/wp-content\/uploads\/2018\/03\/7-400x236.jpg 400w, https:\/\/casa-interior.com\/wp-content\/uploads\/2018\/03\/7-600x353.jpg 600w, https:\/\/casa-interior.com\/wp-content\/uploads\/2018\/03\/7-800x471.jpg 800w, https:\/\/casa-interior.com\/wp-content\/uploads\/2018\/03\/7-1200x707.jpg 1200w, https:\/\/casa-interior.com\/wp-content\/uploads\/2018\/03\/7.jpg 1280w\" sizes=\"(min-width: 2200px) 100vw, (min-width: 712px) 579px, (min-width: 640px) 712px, \" \/><\/a><\/div><\/div><\/div><\/div><div class=\"awb-swiper-button awb-swiper-button-prev\"><i class=\"awb-icon-angle-left\" aria-hidden=\"true\"><\/i><\/div><div class=\"awb-swiper-button awb-swiper-button-next\"><i class=\"awb-icon-angle-right\" aria-hidden=\"true\"><\/i><\/div><\/div><\/div><div class=\"fusion-clearfix\"><\/div><\/div><\/div><\/div><\/div>\n","protected":false},"excerpt":{"rendered":"<p>Tenemos el placer de mostrarles nuestra nueva cocina de exposici\u00f3n en nuestra tienda de Altea. Nos hemos decidido por un estilo moderno, del que estamos muy orgullosos. La cocina est\u00e1 dividida en tres partes:<br \/>\nLa primera es la de trabajo, con la encimera, el fregadero, la placa de inducci\u00f3n etc, la segunda es la de almacenaje con las columnas, el horno y microondas; y la tercera es la isla con un gran mueble de cajones y una mesa auxiliar.<\/p>\n","protected":false},"author":1,"featured_media":13894,"comment_status":"open","ping_status":"open","sticky":false,"template":"","format":"standard","meta":{"footnotes":""},"categories":[924],"tags":[925,920,926,921],"class_list":["post-17323","post","type-post","status-publish","format-standard","has-post-thumbnail","hentry","category-diseno","tag-blog-es","tag-casa-interior-es","tag-exposicion","tag-kuchentime-es"],"yoast_head":"<!-- This site is optimized with the Yoast SEO plugin v27.3 - https:\/\/yoast.com\/product\/yoast-seo-wordpress\/ -->\n<title>Casa Interior - Blog - Octubre 2017 - K\u00fcchentime en nuestra exposici\u00f3n.<\/title>\n<meta name=\"robots\" content=\"index, follow, max-snippet:-1, max-image-preview:large, max-video-preview:-1\" \/>\n<link rel=\"canonical\" href=\"https:\/\/casa-interior.com\/es\/2017\/10\/01\/kuchentime-en-nuestra-exposicion-de-altea\/\" \/>\n<meta property=\"og:locale\" content=\"es_ES\" \/>\n<meta property=\"og:type\" content=\"article\" \/>\n<meta property=\"og:title\" content=\"Casa Interior - Blog - Octubre 2017 - K\u00fcchentime en nuestra exposici\u00f3n.\" \/>\n<meta property=\"og:description\" content=\"Tenemos el placer de mostrarles nuestra nueva cocina de exposici\u00f3n en nuestra tienda de Altea. Nos hemos decidido por un estilo moderno, del que estamos muy orgullosos. La cocina est\u00e1 dividida en tres partes: La primera es la de trabajo, con la encimera, el fregadero, la placa de inducci\u00f3n etc, la segunda es la de almacenaje con las columnas, el horno y microondas; y la tercera es la isla con un gran mueble de cajones y una mesa auxiliar.\" \/>\n<meta property=\"og:url\" content=\"https:\/\/casa-interior.com\/es\/2017\/10\/01\/kuchentime-en-nuestra-exposicion-de-altea\/\" \/>\n<meta property=\"og:site_name\" content=\"Casa Interior\" \/>\n<meta property=\"article:publisher\" content=\"https:\/\/www.facebook.com\/kitchens.costa.blanca\/\" \/>\n<meta property=\"article:published_time\" content=\"2017-10-01T07:00:15+00:00\" \/>\n<meta property=\"article:modified_time\" content=\"2018-05-26T11:26:23+00:00\" \/>\n<meta property=\"og:image\" content=\"https:\/\/casa-interior.com\/wp-content\/uploads\/2018\/03\/2.jpg\" \/>\n\t<meta property=\"og:image:width\" content=\"1280\" \/>\n\t<meta property=\"og:image:height\" content=\"754\" \/>\n\t<meta property=\"og:image:type\" content=\"image\/jpeg\" \/>\n<meta name=\"author\" content=\"niribas\" \/>\n<meta name=\"twitter:card\" content=\"summary_large_image\" \/>\n<meta name=\"twitter:label1\" content=\"Escrito por\" \/>\n\t<meta name=\"twitter:data1\" content=\"niribas\" \/>\n\t<meta name=\"twitter:label2\" content=\"Tiempo de lectura\" \/>\n\t<meta name=\"twitter:data2\" content=\"4 minutos\" \/>\n<script type=\"application\/ld+json\" class=\"yoast-schema-graph\">{\"@context\":\"https:\\\/\\\/schema.org\",\"@graph\":[{\"@type\":\"Article\",\"@id\":\"https:\\\/\\\/casa-interior.com\\\/es\\\/2017\\\/10\\\/01\\\/kuchentime-en-nuestra-exposicion-de-altea\\\/#article\",\"isPartOf\":{\"@id\":\"https:\\\/\\\/casa-interior.com\\\/es\\\/2017\\\/10\\\/01\\\/kuchentime-en-nuestra-exposicion-de-altea\\\/\"},\"author\":{\"name\":\"niribas\",\"@id\":\"https:\\\/\\\/casa-interior.com\\\/es\\\/#\\\/schema\\\/person\\\/20abc876fea262dc8fb98de5c5028bab\"},\"headline\":\"K\u00fcchentime en nuestra exposici\u00f3n de Altea\",\"datePublished\":\"2017-10-01T07:00:15+00:00\",\"dateModified\":\"2018-05-26T11:26:23+00:00\",\"mainEntityOfPage\":{\"@id\":\"https:\\\/\\\/casa-interior.com\\\/es\\\/2017\\\/10\\\/01\\\/kuchentime-en-nuestra-exposicion-de-altea\\\/\"},\"wordCount\":756,\"commentCount\":0,\"publisher\":{\"@id\":\"https:\\\/\\\/casa-interior.com\\\/es\\\/#organization\"},\"image\":{\"@id\":\"https:\\\/\\\/casa-interior.com\\\/es\\\/2017\\\/10\\\/01\\\/kuchentime-en-nuestra-exposicion-de-altea\\\/#primaryimage\"},\"thumbnailUrl\":\"https:\\\/\\\/casa-interior.com\\\/wp-content\\\/uploads\\\/2018\\\/03\\\/2.jpg\",\"keywords\":[\"Blog\",\"Casa Interior\",\"exposici\u00f3n\",\"K\u00fcchentime\"],\"articleSection\":[\"Dise\u00f1o\"],\"inLanguage\":\"es\",\"potentialAction\":[{\"@type\":\"CommentAction\",\"name\":\"Comment\",\"target\":[\"https:\\\/\\\/casa-interior.com\\\/es\\\/2017\\\/10\\\/01\\\/kuchentime-en-nuestra-exposicion-de-altea\\\/#respond\"]}]},{\"@type\":\"WebPage\",\"@id\":\"https:\\\/\\\/casa-interior.com\\\/es\\\/2017\\\/10\\\/01\\\/kuchentime-en-nuestra-exposicion-de-altea\\\/\",\"url\":\"https:\\\/\\\/casa-interior.com\\\/es\\\/2017\\\/10\\\/01\\\/kuchentime-en-nuestra-exposicion-de-altea\\\/\",\"name\":\"Casa Interior - Blog - Octubre 2017 - K\u00fcchentime en nuestra exposici\u00f3n.\",\"isPartOf\":{\"@id\":\"https:\\\/\\\/casa-interior.com\\\/es\\\/#website\"},\"primaryImageOfPage\":{\"@id\":\"https:\\\/\\\/casa-interior.com\\\/es\\\/2017\\\/10\\\/01\\\/kuchentime-en-nuestra-exposicion-de-altea\\\/#primaryimage\"},\"image\":{\"@id\":\"https:\\\/\\\/casa-interior.com\\\/es\\\/2017\\\/10\\\/01\\\/kuchentime-en-nuestra-exposicion-de-altea\\\/#primaryimage\"},\"thumbnailUrl\":\"https:\\\/\\\/casa-interior.com\\\/wp-content\\\/uploads\\\/2018\\\/03\\\/2.jpg\",\"datePublished\":\"2017-10-01T07:00:15+00:00\",\"dateModified\":\"2018-05-26T11:26:23+00:00\",\"breadcrumb\":{\"@id\":\"https:\\\/\\\/casa-interior.com\\\/es\\\/2017\\\/10\\\/01\\\/kuchentime-en-nuestra-exposicion-de-altea\\\/#breadcrumb\"},\"inLanguage\":\"es\",\"potentialAction\":[{\"@type\":\"ReadAction\",\"target\":[\"https:\\\/\\\/casa-interior.com\\\/es\\\/2017\\\/10\\\/01\\\/kuchentime-en-nuestra-exposicion-de-altea\\\/\"]}]},{\"@type\":\"ImageObject\",\"inLanguage\":\"es\",\"@id\":\"https:\\\/\\\/casa-interior.com\\\/es\\\/2017\\\/10\\\/01\\\/kuchentime-en-nuestra-exposicion-de-altea\\\/#primaryimage\",\"url\":\"https:\\\/\\\/casa-interior.com\\\/wp-content\\\/uploads\\\/2018\\\/03\\\/2.jpg\",\"contentUrl\":\"https:\\\/\\\/casa-interior.com\\\/wp-content\\\/uploads\\\/2018\\\/03\\\/2.jpg\",\"width\":1280,\"height\":754},{\"@type\":\"BreadcrumbList\",\"@id\":\"https:\\\/\\\/casa-interior.com\\\/es\\\/2017\\\/10\\\/01\\\/kuchentime-en-nuestra-exposicion-de-altea\\\/#breadcrumb\",\"itemListElement\":[{\"@type\":\"ListItem\",\"position\":1,\"name\":\"Portada\",\"item\":\"https:\\\/\\\/casa-interior.com\\\/es\\\/casa-interior\\\/\"},{\"@type\":\"ListItem\",\"position\":2,\"name\":\"K\u00fcchentime en nuestra exposici\u00f3n de Altea\"}]},{\"@type\":\"WebSite\",\"@id\":\"https:\\\/\\\/casa-interior.com\\\/es\\\/#website\",\"url\":\"https:\\\/\\\/casa-interior.com\\\/es\\\/\",\"name\":\"Casa Interior\",\"description\":\"Kitchen Designers in Costa Blanca\",\"publisher\":{\"@id\":\"https:\\\/\\\/casa-interior.com\\\/es\\\/#organization\"},\"potentialAction\":[{\"@type\":\"SearchAction\",\"target\":{\"@type\":\"EntryPoint\",\"urlTemplate\":\"https:\\\/\\\/casa-interior.com\\\/es\\\/?s={search_term_string}\"},\"query-input\":{\"@type\":\"PropertyValueSpecification\",\"valueRequired\":true,\"valueName\":\"search_term_string\"}}],\"inLanguage\":\"es\"},{\"@type\":\"Organization\",\"@id\":\"https:\\\/\\\/casa-interior.com\\\/es\\\/#organization\",\"name\":\"Casa Interior\",\"url\":\"https:\\\/\\\/casa-interior.com\\\/es\\\/\",\"logo\":{\"@type\":\"ImageObject\",\"inLanguage\":\"es\",\"@id\":\"https:\\\/\\\/casa-interior.com\\\/es\\\/#\\\/schema\\\/logo\\\/image\\\/\",\"url\":\"https:\\\/\\\/casa-interior.com\\\/wp-content\\\/uploads\\\/2018\\\/03\\\/Logo-Casa-Interior-nuevo-150px.png\",\"contentUrl\":\"https:\\\/\\\/casa-interior.com\\\/wp-content\\\/uploads\\\/2018\\\/03\\\/Logo-Casa-Interior-nuevo-150px.png\",\"width\":150,\"height\":150,\"caption\":\"Casa Interior\"},\"image\":{\"@id\":\"https:\\\/\\\/casa-interior.com\\\/es\\\/#\\\/schema\\\/logo\\\/image\\\/\"},\"sameAs\":[\"https:\\\/\\\/www.facebook.com\\\/kitchens.costa.blanca\\\/\",\"https:\\\/\\\/www.instagram.com\\\/casainterioraltea\"]},{\"@type\":\"Person\",\"@id\":\"https:\\\/\\\/casa-interior.com\\\/es\\\/#\\\/schema\\\/person\\\/20abc876fea262dc8fb98de5c5028bab\",\"name\":\"niribas\",\"image\":{\"@type\":\"ImageObject\",\"inLanguage\":\"es\",\"@id\":\"https:\\\/\\\/secure.gravatar.com\\\/avatar\\\/cb35377b7c77649f38257f3ba6dc37b9c641db662db8478298a0d0522c4224a9?s=96&d=mm&r=g\",\"url\":\"https:\\\/\\\/secure.gravatar.com\\\/avatar\\\/cb35377b7c77649f38257f3ba6dc37b9c641db662db8478298a0d0522c4224a9?s=96&d=mm&r=g\",\"contentUrl\":\"https:\\\/\\\/secure.gravatar.com\\\/avatar\\\/cb35377b7c77649f38257f3ba6dc37b9c641db662db8478298a0d0522c4224a9?s=96&d=mm&r=g\",\"caption\":\"niribas\"},\"url\":\"https:\\\/\\\/casa-interior.com\\\/es\\\/author\\\/niribas\\\/\"}]}<\/script>\n<!-- \/ Yoast SEO plugin. -->","yoast_head_json":{"title":"Casa Interior - Blog - Octubre 2017 - K\u00fcchentime en nuestra exposici\u00f3n.","robots":{"index":"index","follow":"follow","max-snippet":"max-snippet:-1","max-image-preview":"max-image-preview:large","max-video-preview":"max-video-preview:-1"},"canonical":"https:\/\/casa-interior.com\/es\/2017\/10\/01\/kuchentime-en-nuestra-exposicion-de-altea\/","og_locale":"es_ES","og_type":"article","og_title":"Casa Interior - Blog - Octubre 2017 - K\u00fcchentime en nuestra exposici\u00f3n.","og_description":"Tenemos el placer de mostrarles nuestra nueva cocina de exposici\u00f3n en nuestra tienda de Altea. Nos hemos decidido por un estilo moderno, del que estamos muy orgullosos. La cocina est\u00e1 dividida en tres partes: La primera es la de trabajo, con la encimera, el fregadero, la placa de inducci\u00f3n etc, la segunda es la de almacenaje con las columnas, el horno y microondas; y la tercera es la isla con un gran mueble de cajones y una mesa auxiliar.","og_url":"https:\/\/casa-interior.com\/es\/2017\/10\/01\/kuchentime-en-nuestra-exposicion-de-altea\/","og_site_name":"Casa Interior","article_publisher":"https:\/\/www.facebook.com\/kitchens.costa.blanca\/","article_published_time":"2017-10-01T07:00:15+00:00","article_modified_time":"2018-05-26T11:26:23+00:00","og_image":[{"width":1280,"height":754,"url":"https:\/\/casa-interior.com\/wp-content\/uploads\/2018\/03\/2.jpg","type":"image\/jpeg"}],"author":"niribas","twitter_card":"summary_large_image","twitter_misc":{"Escrito por":"niribas","Tiempo de lectura":"4 minutos"},"schema":{"@context":"https:\/\/schema.org","@graph":[{"@type":"Article","@id":"https:\/\/casa-interior.com\/es\/2017\/10\/01\/kuchentime-en-nuestra-exposicion-de-altea\/#article","isPartOf":{"@id":"https:\/\/casa-interior.com\/es\/2017\/10\/01\/kuchentime-en-nuestra-exposicion-de-altea\/"},"author":{"name":"niribas","@id":"https:\/\/casa-interior.com\/es\/#\/schema\/person\/20abc876fea262dc8fb98de5c5028bab"},"headline":"K\u00fcchentime en nuestra exposici\u00f3n de Altea","datePublished":"2017-10-01T07:00:15+00:00","dateModified":"2018-05-26T11:26:23+00:00","mainEntityOfPage":{"@id":"https:\/\/casa-interior.com\/es\/2017\/10\/01\/kuchentime-en-nuestra-exposicion-de-altea\/"},"wordCount":756,"commentCount":0,"publisher":{"@id":"https:\/\/casa-interior.com\/es\/#organization"},"image":{"@id":"https:\/\/casa-interior.com\/es\/2017\/10\/01\/kuchentime-en-nuestra-exposicion-de-altea\/#primaryimage"},"thumbnailUrl":"https:\/\/casa-interior.com\/wp-content\/uploads\/2018\/03\/2.jpg","keywords":["Blog","Casa Interior","exposici\u00f3n","K\u00fcchentime"],"articleSection":["Dise\u00f1o"],"inLanguage":"es","potentialAction":[{"@type":"CommentAction","name":"Comment","target":["https:\/\/casa-interior.com\/es\/2017\/10\/01\/kuchentime-en-nuestra-exposicion-de-altea\/#respond"]}]},{"@type":"WebPage","@id":"https:\/\/casa-interior.com\/es\/2017\/10\/01\/kuchentime-en-nuestra-exposicion-de-altea\/","url":"https:\/\/casa-interior.com\/es\/2017\/10\/01\/kuchentime-en-nuestra-exposicion-de-altea\/","name":"Casa Interior - Blog - Octubre 2017 - K\u00fcchentime en nuestra exposici\u00f3n.","isPartOf":{"@id":"https:\/\/casa-interior.com\/es\/#website"},"primaryImageOfPage":{"@id":"https:\/\/casa-interior.com\/es\/2017\/10\/01\/kuchentime-en-nuestra-exposicion-de-altea\/#primaryimage"},"image":{"@id":"https:\/\/casa-interior.com\/es\/2017\/10\/01\/kuchentime-en-nuestra-exposicion-de-altea\/#primaryimage"},"thumbnailUrl":"https:\/\/casa-interior.com\/wp-content\/uploads\/2018\/03\/2.jpg","datePublished":"2017-10-01T07:00:15+00:00","dateModified":"2018-05-26T11:26:23+00:00","breadcrumb":{"@id":"https:\/\/casa-interior.com\/es\/2017\/10\/01\/kuchentime-en-nuestra-exposicion-de-altea\/#breadcrumb"},"inLanguage":"es","potentialAction":[{"@type":"ReadAction","target":["https:\/\/casa-interior.com\/es\/2017\/10\/01\/kuchentime-en-nuestra-exposicion-de-altea\/"]}]},{"@type":"ImageObject","inLanguage":"es","@id":"https:\/\/casa-interior.com\/es\/2017\/10\/01\/kuchentime-en-nuestra-exposicion-de-altea\/#primaryimage","url":"https:\/\/casa-interior.com\/wp-content\/uploads\/2018\/03\/2.jpg","contentUrl":"https:\/\/casa-interior.com\/wp-content\/uploads\/2018\/03\/2.jpg","width":1280,"height":754},{"@type":"BreadcrumbList","@id":"https:\/\/casa-interior.com\/es\/2017\/10\/01\/kuchentime-en-nuestra-exposicion-de-altea\/#breadcrumb","itemListElement":[{"@type":"ListItem","position":1,"name":"Portada","item":"https:\/\/casa-interior.com\/es\/casa-interior\/"},{"@type":"ListItem","position":2,"name":"K\u00fcchentime en nuestra exposici\u00f3n de Altea"}]},{"@type":"WebSite","@id":"https:\/\/casa-interior.com\/es\/#website","url":"https:\/\/casa-interior.com\/es\/","name":"Casa Interior","description":"Kitchen Designers in Costa Blanca","publisher":{"@id":"https:\/\/casa-interior.com\/es\/#organization"},"potentialAction":[{"@type":"SearchAction","target":{"@type":"EntryPoint","urlTemplate":"https:\/\/casa-interior.com\/es\/?s={search_term_string}"},"query-input":{"@type":"PropertyValueSpecification","valueRequired":true,"valueName":"search_term_string"}}],"inLanguage":"es"},{"@type":"Organization","@id":"https:\/\/casa-interior.com\/es\/#organization","name":"Casa Interior","url":"https:\/\/casa-interior.com\/es\/","logo":{"@type":"ImageObject","inLanguage":"es","@id":"https:\/\/casa-interior.com\/es\/#\/schema\/logo\/image\/","url":"https:\/\/casa-interior.com\/wp-content\/uploads\/2018\/03\/Logo-Casa-Interior-nuevo-150px.png","contentUrl":"https:\/\/casa-interior.com\/wp-content\/uploads\/2018\/03\/Logo-Casa-Interior-nuevo-150px.png","width":150,"height":150,"caption":"Casa Interior"},"image":{"@id":"https:\/\/casa-interior.com\/es\/#\/schema\/logo\/image\/"},"sameAs":["https:\/\/www.facebook.com\/kitchens.costa.blanca\/","https:\/\/www.instagram.com\/casainterioraltea"]},{"@type":"Person","@id":"https:\/\/casa-interior.com\/es\/#\/schema\/person\/20abc876fea262dc8fb98de5c5028bab","name":"niribas","image":{"@type":"ImageObject","inLanguage":"es","@id":"https:\/\/secure.gravatar.com\/avatar\/cb35377b7c77649f38257f3ba6dc37b9c641db662db8478298a0d0522c4224a9?s=96&d=mm&r=g","url":"https:\/\/secure.gravatar.com\/avatar\/cb35377b7c77649f38257f3ba6dc37b9c641db662db8478298a0d0522c4224a9?s=96&d=mm&r=g","contentUrl":"https:\/\/secure.gravatar.com\/avatar\/cb35377b7c77649f38257f3ba6dc37b9c641db662db8478298a0d0522c4224a9?s=96&d=mm&r=g","caption":"niribas"},"url":"https:\/\/casa-interior.com\/es\/author\/niribas\/"}]}},"_links":{"self":[{"href":"https:\/\/casa-interior.com\/es\/wp-json\/wp\/v2\/posts\/17323","targetHints":{"allow":["GET"]}}],"collection":[{"href":"https:\/\/casa-interior.com\/es\/wp-json\/wp\/v2\/posts"}],"about":[{"href":"https:\/\/casa-interior.com\/es\/wp-json\/wp\/v2\/types\/post"}],"author":[{"embeddable":true,"href":"https:\/\/casa-interior.com\/es\/wp-json\/wp\/v2\/users\/1"}],"replies":[{"embeddable":true,"href":"https:\/\/casa-interior.com\/es\/wp-json\/wp\/v2\/comments?post=17323"}],"version-history":[{"count":0,"href":"https:\/\/casa-interior.com\/es\/wp-json\/wp\/v2\/posts\/17323\/revisions"}],"wp:featuredmedia":[{"embeddable":true,"href":"https:\/\/casa-interior.com\/es\/wp-json\/wp\/v2\/media\/13894"}],"wp:attachment":[{"href":"https:\/\/casa-interior.com\/es\/wp-json\/wp\/v2\/media?parent=17323"}],"wp:term":[{"taxonomy":"category","embeddable":true,"href":"https:\/\/casa-interior.com\/es\/wp-json\/wp\/v2\/categories?post=17323"},{"taxonomy":"post_tag","embeddable":true,"href":"https:\/\/casa-interior.com\/es\/wp-json\/wp\/v2\/tags?post=17323"}],"curies":[{"name":"wp","href":"https:\/\/api.w.org\/{rel}","templated":true}]}}