{"id":19805,"date":"2019-04-25T19:06:39","date_gmt":"2019-04-25T17:06:39","guid":{"rendered":"https:\/\/casa-interior.com\/?p=19805"},"modified":"2019-06-07T18:02:04","modified_gmt":"2019-06-07T16:02:04","slug":"kuchentime-encimera-xtra","status":"publish","type":"post","link":"https:\/\/casa-interior.com\/es\/2019\/04\/25\/kuchentime-encimera-xtra\/","title":{"rendered":"Nuevo cat\u00e1logo K\u00fcchentime 2019"},"content":{"rendered":"<p><div class=\"fusion-fullwidth fullwidth-box fusion-builder-row-1 nonhundred-percent-fullwidth non-hundred-percent-height-scrolling\" style=\"--awb-background-position:left top;--awb-border-radius-top-left:0px;--awb-border-radius-top-right:0px;--awb-border-radius-bottom-right:0px;--awb-border-radius-bottom-left:0px;--awb-padding-top:20px;--awb-padding-bottom:20px;--awb-border-sizes-top:0px;--awb-border-sizes-bottom:0px;--awb-flex-wrap:wrap;\" ><div class=\"fusion-builder-row fusion-row\"><div class=\"fusion-layout-column fusion_builder_column fusion-builder-column-0 fusion_builder_column_1_1 1_1 fusion-one-full fusion-column-first fusion-column-last\" style=\"--awb-padding-right:10%;--awb-padding-left:10%;--awb-bg-size:cover;\"><div class=\"fusion-column-wrapper fusion-flex-column-wrapper-legacy\"><div class=\"fusion-title title fusion-title-1 fusion-sep-none fusion-title-center fusion-title-text fusion-title-size-one\" style=\"--awb-margin-top-small:0px;--awb-margin-right-small:0px;--awb-margin-bottom-small:20px;--awb-margin-left-small:0px;\"><h1 class=\"fusion-title-heading title-heading-center fusion-responsive-typography-calculated\" style=\"margin:0;--fontSize:70;line-height:1.4;\"><h1 style=\"font-size: 50px; font-weight: 500;\">Nuevo Cat\u00e1logo K\u00fcchentime 2019<\/h1><\/h1><\/div><div class=\"fusion-image-element fusion-image-align-center in-legacy-container\" style=\"text-align:center;--awb-caption-title-font-family:var(--h2_typography-font-family);--awb-caption-title-font-weight:var(--h2_typography-font-weight);--awb-caption-title-font-style:var(--h2_typography-font-style);--awb-caption-title-size:var(--h2_typography-font-size);--awb-caption-title-transform:var(--h2_typography-text-transform);--awb-caption-title-line-height:var(--h2_typography-line-height);--awb-caption-title-letter-spacing:var(--h2_typography-letter-spacing);\"><div class=\"imageframe-align-center\"><span class=\" fusion-imageframe imageframe-none imageframe-1 hover-type-none\"><img decoding=\"async\" width=\"54\" height=\"60\" title=\"Separador-Casa-Interior\" src=\"https:\/\/casa-interior.com\/wp-content\/uploads\/2018\/03\/Separador-Casa-Interior-1.png\" alt class=\"img-responsive wp-image-11980\"\/><\/span><\/div><\/div><div class=\"fusion-sep-clear\"><\/div><div class=\"fusion-separator fusion-full-width-sep\" style=\"margin-left: auto;margin-right: auto;margin-top:20px;width:100%;\"><\/div><div class=\"fusion-sep-clear\"><\/div><div class=\"fusion-text fusion-text-1\"><p style=\"font-weight: 16px; letter-spacing: 2px; text-align: center;\">Noticias Casa Interior \u2022 \u00a0 Abril, 2019<\/p>\n<\/div><div class=\"fusion-sep-clear\"><\/div><div class=\"fusion-separator fusion-full-width-sep\" style=\"margin-left: auto;margin-right: auto;margin-top:50px;width:100%;\"><\/div><div class=\"fusion-sep-clear\"><\/div><div class=\"fusion-clearfix\"><\/div><\/div><\/div><\/div><\/div><div class=\"fusion-fullwidth fullwidth-box fusion-builder-row-2 nonhundred-percent-fullwidth non-hundred-percent-height-scrolling\" style=\"--awb-border-radius-top-left:0px;--awb-border-radius-top-right:0px;--awb-border-radius-bottom-right:0px;--awb-border-radius-bottom-left:0px;--awb-flex-wrap:wrap;\" ><div class=\"fusion-builder-row fusion-row\"><div class=\"fusion-layout-column fusion_builder_column fusion-builder-column-1 fusion_builder_column_1_1 1_1 fusion-one-full fusion-column-first fusion-column-last\" style=\"--awb-bg-size:cover;\"><div class=\"fusion-column-wrapper fusion-flex-column-wrapper-legacy\"><div class=\"fusion-title title fusion-title-2 fusion-sep-none fusion-title-center fusion-title-text fusion-title-size-three\" style=\"--awb-margin-top-small:0px;--awb-margin-right-small:0px;--awb-margin-bottom-small:20px;--awb-margin-left-small:0px;\"><h3 class=\"fusion-title-heading title-heading-center fusion-responsive-typography-calculated\" style=\"margin:0;--fontSize:42;line-height:1.5;\">Nuevas Puertas K\u00fcchentime 2019<\/h3><\/div><div class=\"fusion-text fusion-text-2\"><p>K\u00fcchentime nos trae el nuevo cat\u00e1logo para 2019. Ahora podemos mostrar las nuevas puertas y decir adios a algunos modelos que no estar\u00e1n disponibles a partir de ahora. Adem\u00e1s, hay nuevos dise\u00f1os para los colores de carcasa, las encimeras de cocinas y los tiradores de las puertas.<\/p>\n<\/div><div class=\"fusion-sep-clear\"><\/div><div class=\"fusion-separator fusion-full-width-sep\" style=\"margin-left: auto;margin-right: auto;margin-top:50px;width:100%;\"><\/div><div class=\"fusion-sep-clear\"><\/div><div class=\"fusion-clearfix\"><\/div><\/div><\/div><div class=\"fusion-layout-column fusion_builder_column fusion-builder-column-2 fusion_builder_column_1_2 1_2 fusion-one-half fusion-column-first\" style=\"--awb-bg-size:cover;width:50%;width:calc(50% - ( ( 4% ) * 0.5 ) );margin-right: 4%;\"><div class=\"fusion-column-wrapper fusion-flex-column-wrapper-legacy\"><div class=\"fusion-title title fusion-title-3 fusion-sep-none fusion-title-center fusion-title-text fusion-title-size-four\" style=\"--awb-margin-top-small:0px;--awb-margin-right-small:0px;--awb-margin-bottom-small:20px;--awb-margin-left-small:0px;\"><h4 class=\"fusion-title-heading title-heading-center fusion-responsive-typography-calculated\" style=\"margin:0;--fontSize:30;line-height:1.5;\"><a href=\"https:\/\/casa-interior.com\/es\/?post_type=avada_portfolio&#038;p=18525\">Speed 288<\/a><\/h4><\/div><div class=\"fusion-title title fusion-title-4 fusion-sep-none fusion-title-center fusion-title-text fusion-title-size-five\" style=\"--awb-margin-top-small:0px;--awb-margin-right-small:0px;--awb-margin-bottom-small:20px;--awb-margin-left-small:0px;\"><h5 class=\"fusion-title-heading title-heading-center fusion-responsive-typography-calculated\" style=\"margin:0;--fontSize:19;--minFontSize:19;line-height:1.5;\">Arena fina (288)<\/h5><\/div><div class=\"fusion-text fusion-text-3\"><p>Un moderno plano de planta de cocina que no s\u00f3lo brinda generosas proporciones, sino que adem\u00e1s propone una lograda transici\u00f3n entre el \u00e1rea de la cocina y el comedor. Una verdadera cocina familiar en la que se sienten bien los menos j\u00f3venes y los j\u00f3venes.<\/p>\n<\/div><div class=\"fusion-sep-clear\"><\/div><div class=\"fusion-separator fusion-full-width-sep\" style=\"margin-left: auto;margin-right: auto;margin-top:50px;width:100%;\"><\/div><div class=\"fusion-sep-clear\"><\/div><div class=\"fusion-clearfix\"><\/div><\/div><\/div><div class=\"fusion-layout-column fusion_builder_column fusion-builder-column-3 fusion_builder_column_1_2 1_2 fusion-one-half fusion-column-last\" style=\"--awb-bg-size:cover;width:50%;width:calc(50% - ( ( 4% ) * 0.5 ) );\"><div class=\"fusion-column-wrapper fusion-flex-column-wrapper-legacy\"><div class=\"fusion-image-element in-legacy-container\" style=\"--awb-caption-title-font-family:var(--h2_typography-font-family);--awb-caption-title-font-weight:var(--h2_typography-font-weight);--awb-caption-title-font-style:var(--h2_typography-font-style);--awb-caption-title-size:var(--h2_typography-font-size);--awb-caption-title-transform:var(--h2_typography-text-transform);--awb-caption-title-line-height:var(--h2_typography-line-height);--awb-caption-title-letter-spacing:var(--h2_typography-letter-spacing);\"><span class=\" fusion-imageframe imageframe-none imageframe-2 hover-type-none\"><a href=\"https:\/\/casa-interior.com\/wp-content\/uploads\/2019\/03\/Kuchentime-Speed-288-1-1-1024x603.jpg\" class=\"fusion-lightbox\" data-rel=\"iLightbox[K\u00fcchentime 2019]\" data-title=\"Kuchentime Speed 288 &#8211; 1 &#8211; 1\" title=\"Kuchentime Speed 288 &#8211; 1 &#8211; 1\"><img decoding=\"async\" width=\"1024\" height=\"603\" alt=\"Cocina Moderna K\u00fcchentime 2019 Speed 288\" src=\"https:\/\/casa-interior.com\/wp-content\/uploads\/2019\/03\/Kuchentime-Speed-288-1-1-1024x603.jpg\" class=\"img-responsive wp-image-21788\"\/><\/a><\/span><\/div><div class=\"fusion-sep-clear\"><\/div><div class=\"fusion-separator fusion-full-width-sep\" style=\"margin-left: auto;margin-right: auto;margin-top:50px;width:100%;\"><\/div><div class=\"fusion-sep-clear\"><\/div><div class=\"fusion-clearfix\"><\/div><\/div><\/div><div class=\"fusion-layout-column fusion_builder_column fusion-builder-column-4 fusion_builder_column_1_2 1_2 fusion-one-half fusion-column-first\" style=\"--awb-bg-size:cover;width:50%;width:calc(50% - ( ( 4% ) * 0.5 ) );margin-right: 4%;\"><div class=\"fusion-column-wrapper fusion-flex-column-wrapper-legacy\"><div class=\"fusion-image-element in-legacy-container\" style=\"--awb-caption-title-font-family:var(--h2_typography-font-family);--awb-caption-title-font-weight:var(--h2_typography-font-weight);--awb-caption-title-font-style:var(--h2_typography-font-style);--awb-caption-title-size:var(--h2_typography-font-size);--awb-caption-title-transform:var(--h2_typography-text-transform);--awb-caption-title-line-height:var(--h2_typography-line-height);--awb-caption-title-letter-spacing:var(--h2_typography-letter-spacing);\"><span class=\" fusion-imageframe imageframe-none imageframe-3 hover-type-none\"><a href=\"https:\/\/casa-interior.com\/wp-content\/uploads\/2019\/03\/Kuchentime-Riva-887-N-1-1-1024x603.jpg\" class=\"fusion-lightbox\" data-rel=\"iLightbox[K\u00fcchentime 2019]\" data-title=\"Kuchentime Riva 887 N &#8211; 1 &#8211; 1\" title=\"Kuchentime Riva 887 N &#8211; 1 &#8211; 1\"><img decoding=\"async\" width=\"1024\" height=\"603\" alt=\"Cocina Moderna K\u00fcchentime 2019 Riva 887 L\u00ednea N\" src=\"https:\/\/casa-interior.com\/wp-content\/uploads\/2019\/03\/Kuchentime-Riva-887-N-1-1-1024x603.jpg\" class=\"img-responsive wp-image-21629\"\/><\/a><\/span><\/div><div class=\"fusion-sep-clear\"><\/div><div class=\"fusion-separator fusion-full-width-sep\" style=\"margin-left: auto;margin-right: auto;margin-top:50px;width:100%;\"><\/div><div class=\"fusion-sep-clear\"><\/div><div class=\"fusion-clearfix\"><\/div><\/div><\/div><div class=\"fusion-layout-column fusion_builder_column fusion-builder-column-5 fusion_builder_column_1_2 1_2 fusion-one-half fusion-column-last\" style=\"--awb-bg-size:cover;width:50%;width:calc(50% - ( ( 4% ) * 0.5 ) );\"><div class=\"fusion-column-wrapper fusion-flex-column-wrapper-legacy\"><div class=\"fusion-title title fusion-title-5 fusion-sep-none fusion-title-center fusion-title-text fusion-title-size-four\" style=\"--awb-margin-top-small:0px;--awb-margin-right-small:0px;--awb-margin-bottom-small:20px;--awb-margin-left-small:0px;\"><h4 class=\"fusion-title-heading title-heading-center fusion-responsive-typography-calculated\" style=\"margin:0;--fontSize:30;line-height:1.5;\"><a href=\"\/?p=18540\">Riva 887<\/a><\/h4><\/div><div class=\"fusion-title title fusion-title-6 fusion-sep-none fusion-title-center fusion-title-text fusion-title-size-five\" style=\"--awb-margin-top-small:0px;--awb-margin-right-small:0px;--awb-margin-bottom-small:20px;--awb-margin-left-small:0px;\"><h5 class=\"fusion-title-heading title-heading-center fusion-responsive-typography-calculated\" style=\"margin:0;--fontSize:19;--minFontSize:19;line-height:1.5;\">Dise\u00f1o roble Somerset (887)<\/h5><\/div><div class=\"fusion-text fusion-text-4\"><p>Una arquitectura moderna y superficies de aspecto natural logran una perfecta armon\u00eda en esta planificaci\u00f3n. Los soportes de estanter\u00eda negros y los perfiles de agarre subrayan la exigencia moderna y crean contrastes interesantes.<\/p>\n<\/div><div class=\"fusion-sep-clear\"><\/div><div class=\"fusion-separator fusion-full-width-sep\" style=\"margin-left: auto;margin-right: auto;margin-top:50px;width:100%;\"><\/div><div class=\"fusion-sep-clear\"><\/div><div class=\"fusion-clearfix\"><\/div><\/div><\/div><div class=\"fusion-layout-column fusion_builder_column fusion-builder-column-6 fusion_builder_column_1_2 1_2 fusion-one-half fusion-column-first\" style=\"--awb-bg-size:cover;width:50%;width:calc(50% - ( ( 4% ) * 0.5 ) );margin-right: 4%;\"><div class=\"fusion-column-wrapper fusion-flex-column-wrapper-legacy\"><div class=\"fusion-title title fusion-title-7 fusion-sep-none fusion-title-center fusion-title-text fusion-title-size-four\" style=\"--awb-margin-top-small:0px;--awb-margin-right-small:0px;--awb-margin-bottom-small:20px;--awb-margin-left-small:0px;\"><h4 class=\"fusion-title-heading title-heading-center fusion-responsive-typography-calculated\" style=\"margin:0;--fontSize:30;line-height:1.5;\"><a href=\"\/?p=18555\">Riva 888<\/a><\/h4><\/div><div class=\"fusion-title title fusion-title-8 fusion-sep-none fusion-title-center fusion-title-text fusion-title-size-five\" style=\"--awb-margin-top-small:0px;--awb-margin-right-small:0px;--awb-margin-bottom-small:20px;--awb-margin-left-small:0px;\"><h5 class=\"fusion-title-heading title-heading-center fusion-responsive-typography-calculated\" style=\"margin:0;--fontSize:19;--minFontSize:19;line-height:1.5;\">Dise\u00f1o roble Dakota (888)<\/h5><\/div><div class=\"fusion-text fusion-text-5\"><p>Esta cocina ofrece en una superficie peque\u00f1a todo lo que se necesita: mucho espacio para guardar con los armarios bajos XL, una soluci\u00f3n de mesa integrada y una fant\u00e1stica mezcla de materiales de moderno roble Dakota y frentes de vidrio negro. El cuarto de servicio contiguo ofrece aqu\u00ed espacio para guardar m\u00e1s provisiones as\u00ed como productos y aparatos de limpieza.<\/p>\n<\/div><div class=\"fusion-sep-clear\"><\/div><div class=\"fusion-separator fusion-full-width-sep\" style=\"margin-left: auto;margin-right: auto;margin-top:50px;width:100%;\"><\/div><div class=\"fusion-sep-clear\"><\/div><div class=\"fusion-clearfix\"><\/div><\/div><\/div><div class=\"fusion-layout-column fusion_builder_column fusion-builder-column-7 fusion_builder_column_1_2 1_2 fusion-one-half fusion-column-last\" style=\"--awb-bg-size:cover;width:50%;width:calc(50% - ( ( 4% ) * 0.5 ) );\"><div class=\"fusion-column-wrapper fusion-flex-column-wrapper-legacy\"><div class=\"fusion-image-element in-legacy-container\" style=\"--awb-caption-title-font-family:var(--h2_typography-font-family);--awb-caption-title-font-weight:var(--h2_typography-font-weight);--awb-caption-title-font-style:var(--h2_typography-font-style);--awb-caption-title-size:var(--h2_typography-font-size);--awb-caption-title-transform:var(--h2_typography-text-transform);--awb-caption-title-line-height:var(--h2_typography-line-height);--awb-caption-title-letter-spacing:var(--h2_typography-letter-spacing);\"><span class=\" fusion-imageframe imageframe-none imageframe-4 hover-type-none\"><a href=\"https:\/\/casa-interior.com\/wp-content\/uploads\/2019\/03\/Kuchentime-Riva-888-1-1-1024x603.jpg\" class=\"fusion-lightbox\" data-rel=\"iLightbox[K\u00fcchentime 2019]\" data-title=\"Modern Kitchen K\u00fcchentime Riva 888\" title=\"Modern Kitchen K\u00fcchentime Riva 888\"><img decoding=\"async\" width=\"1024\" height=\"603\" alt=\"Cocina Moderna K\u00fcchentime 2019 Riva 888\" src=\"https:\/\/casa-interior.com\/wp-content\/uploads\/2019\/03\/Kuchentime-Riva-888-1-1-1024x603.jpg\" class=\"img-responsive wp-image-19432\" srcset=\"https:\/\/casa-interior.com\/wp-content\/uploads\/2019\/03\/Kuchentime-Riva-888-1-1-200x118.jpg 200w, https:\/\/casa-interior.com\/wp-content\/uploads\/2019\/03\/Kuchentime-Riva-888-1-1-400x236.jpg 400w, https:\/\/casa-interior.com\/wp-content\/uploads\/2019\/03\/Kuchentime-Riva-888-1-1-600x353.jpg 600w, https:\/\/casa-interior.com\/wp-content\/uploads\/2019\/03\/Kuchentime-Riva-888-1-1-800x471.jpg 800w, https:\/\/casa-interior.com\/wp-content\/uploads\/2019\/03\/Kuchentime-Riva-888-1-1-1200x707.jpg 1200w, https:\/\/casa-interior.com\/wp-content\/uploads\/2019\/03\/Kuchentime-Riva-888-1-1.jpg 1280w\" sizes=\"(max-width: 800px) 100vw, 600px\" \/><\/a><\/span><\/div><div class=\"fusion-sep-clear\"><\/div><div class=\"fusion-separator fusion-full-width-sep\" style=\"margin-left: auto;margin-right: auto;margin-top:50px;width:100%;\"><\/div><div class=\"fusion-sep-clear\"><\/div><div class=\"fusion-clearfix\"><\/div><\/div><\/div><div class=\"fusion-layout-column fusion_builder_column fusion-builder-column-8 fusion_builder_column_1_2 1_2 fusion-one-half fusion-column-first\" style=\"--awb-bg-size:cover;width:50%;width:calc(50% - ( ( 4% ) * 0.5 ) );margin-right: 4%;\"><div class=\"fusion-column-wrapper fusion-flex-column-wrapper-legacy\"><div class=\"fusion-image-element in-legacy-container\" style=\"--awb-caption-title-font-family:var(--h2_typography-font-family);--awb-caption-title-font-weight:var(--h2_typography-font-weight);--awb-caption-title-font-style:var(--h2_typography-font-style);--awb-caption-title-size:var(--h2_typography-font-size);--awb-caption-title-transform:var(--h2_typography-text-transform);--awb-caption-title-line-height:var(--h2_typography-line-height);--awb-caption-title-letter-spacing:var(--h2_typography-letter-spacing);\"><span class=\" fusion-imageframe imageframe-none imageframe-5 hover-type-none\"><a href=\"https:\/\/casa-interior.com\/wp-content\/uploads\/2019\/03\/Kuchentime-Structura-402-1-1-1024x603.jpg\" class=\"fusion-lightbox\" data-rel=\"iLightbox[K\u00fcchentime 2019]\" data-title=\"Kuchentime Structura 402 &#8211; 1 &#8211; 1\" title=\"Kuchentime Structura 402 &#8211; 1 &#8211; 1\"><img decoding=\"async\" width=\"1024\" height=\"603\" alt=\"Cocina Moderna K\u00fcchentime 2019 Structura 402\" src=\"https:\/\/casa-interior.com\/wp-content\/uploads\/2019\/03\/Kuchentime-Structura-402-1-1-1024x603.jpg\" class=\"img-responsive wp-image-21884\"\/><\/a><\/span><\/div><div class=\"fusion-sep-clear\"><\/div><div class=\"fusion-separator fusion-full-width-sep\" style=\"margin-left: auto;margin-right: auto;margin-top:50px;width:100%;\"><\/div><div class=\"fusion-sep-clear\"><\/div><div class=\"fusion-clearfix\"><\/div><\/div><\/div><div class=\"fusion-layout-column fusion_builder_column fusion-builder-column-9 fusion_builder_column_1_2 1_2 fusion-one-half fusion-column-last\" style=\"--awb-bg-size:cover;width:50%;width:calc(50% - ( ( 4% ) * 0.5 ) );\"><div class=\"fusion-column-wrapper fusion-flex-column-wrapper-legacy\"><div class=\"fusion-title title fusion-title-9 fusion-sep-none fusion-title-center fusion-title-text fusion-title-size-four\" style=\"--awb-margin-top-small:0px;--awb-margin-right-small:0px;--awb-margin-bottom-small:20px;--awb-margin-left-small:0px;\"><h4 class=\"fusion-title-heading title-heading-center fusion-responsive-typography-calculated\" style=\"margin:0;--fontSize:30;line-height:1.5;\"><a href=\"https:\/\/casa-interior.com\/es\/portfolio-items\/kuchentime-structura-402\/\">Structura 402<\/a><\/h4><\/div><div class=\"fusion-title title fusion-title-10 fusion-sep-none fusion-title-center fusion-title-text fusion-title-size-five\" style=\"--awb-margin-top-small:0px;--awb-margin-right-small:0px;--awb-margin-bottom-small:20px;--awb-margin-left-small:0px;\"><h5 class=\"fusion-title-heading title-heading-center fusion-responsive-typography-calculated\" style=\"margin:0;--fontSize:19;--minFontSize:19;line-height:1.5;\">Dise\u00f1o roble Havanna (402)<\/h5><\/div><div class=\"fusion-text fusion-text-6\"><p>Una preciosa combinaci\u00f3n para vivir en puro contacto con la naturaleza. La \u00f3ptica natural del dise\u00f1o roble Havanna permite al espectador disfrutar visualmente de la madera. El panel de hornacina con el dise\u00f1o de pared nos trae literalmente la naturaleza al hogar.<\/p>\n<\/div><div class=\"fusion-sep-clear\"><\/div><div class=\"fusion-separator fusion-full-width-sep\" style=\"margin-left: auto;margin-right: auto;margin-top:50px;width:100%;\"><\/div><div class=\"fusion-sep-clear\"><\/div><div class=\"fusion-clearfix\"><\/div><\/div><\/div><div class=\"fusion-layout-column fusion_builder_column fusion-builder-column-10 fusion_builder_column_1_2 1_2 fusion-one-half fusion-column-first\" style=\"--awb-bg-size:cover;width:50%;width:calc(50% - ( ( 4% ) * 0.5 ) );margin-right: 4%;\"><div class=\"fusion-column-wrapper fusion-flex-column-wrapper-legacy\"><div class=\"fusion-title title fusion-title-11 fusion-sep-none fusion-title-center fusion-title-text fusion-title-size-four\" style=\"--awb-margin-top-small:0px;--awb-margin-right-small:0px;--awb-margin-bottom-small:20px;--awb-margin-left-small:0px;\"><h4 class=\"fusion-title-heading title-heading-center fusion-responsive-typography-calculated\" style=\"margin:0;--fontSize:30;line-height:1.5;\"><a href=\"https:\/\/casa-interior.com\/es\/portfolio-items\/kuchentime-touch-341\/\">Touch 341<\/a><\/h4><\/div><div class=\"fusion-title title fusion-title-12 fusion-sep-none fusion-title-center fusion-title-text fusion-title-size-five\" style=\"--awb-margin-top-small:0px;--awb-margin-right-small:0px;--awb-margin-bottom-small:20px;--awb-margin-left-small:0px;\"><h5 class=\"fusion-title-heading title-heading-center fusion-responsive-typography-calculated\" style=\"margin:0;--fontSize:19;--minFontSize:19;line-height:1.5;\">Laminado lacado, gris piedra supermate (341)<\/h5><\/div><div class=\"fusion-text fusion-text-7\"><p>Los tonos grises son una base maravillosa para planificaciones de cocinas modernas y elegantes. El color gris nos recuerda a la t\u00e9cnica y a la urbanidad y es simult\u00e1neamente el color de las piedras y un v\u00ednculo con la naturaleza. La combinaci\u00f3n con los tonos de madera c\u00e1lidos crea una atm\u00f3sfera acogedora en la casa.<\/p>\n<\/div><div class=\"fusion-sep-clear\"><\/div><div class=\"fusion-separator fusion-full-width-sep\" style=\"margin-left: auto;margin-right: auto;margin-top:50px;width:100%;\"><\/div><div class=\"fusion-sep-clear\"><\/div><div class=\"fusion-clearfix\"><\/div><\/div><\/div><div class=\"fusion-layout-column fusion_builder_column fusion-builder-column-11 fusion_builder_column_1_2 1_2 fusion-one-half fusion-column-last\" style=\"--awb-bg-size:cover;width:50%;width:calc(50% - ( ( 4% ) * 0.5 ) );\"><div class=\"fusion-column-wrapper fusion-flex-column-wrapper-legacy\"><div class=\"fusion-image-element in-legacy-container\" style=\"--awb-caption-title-font-family:var(--h2_typography-font-family);--awb-caption-title-font-weight:var(--h2_typography-font-weight);--awb-caption-title-font-style:var(--h2_typography-font-style);--awb-caption-title-size:var(--h2_typography-font-size);--awb-caption-title-transform:var(--h2_typography-text-transform);--awb-caption-title-line-height:var(--h2_typography-line-height);--awb-caption-title-letter-spacing:var(--h2_typography-letter-spacing);\"><span class=\" fusion-imageframe imageframe-none imageframe-6 hover-type-none\"><a href=\"https:\/\/casa-interior.com\/wp-content\/uploads\/2019\/03\/Kuchentime-Touch-341-1-1-1024x603.jpg\" class=\"fusion-lightbox\" data-rel=\"iLightbox[K\u00fcchentime 2019]\" data-title=\"Kuchentime Touch 341 &#8211; 1 &#8211; 1\" title=\"Kuchentime Touch 341 &#8211; 1 &#8211; 1\"><img decoding=\"async\" width=\"1024\" height=\"603\" alt=\"Cocina Moderna K\u00fcchentime 2019 Touch 341\" src=\"https:\/\/casa-interior.com\/wp-content\/uploads\/2019\/03\/Kuchentime-Touch-341-1-1-1024x603.jpg\" class=\"img-responsive wp-image-22217\"\/><\/a><\/span><\/div><div class=\"fusion-sep-clear\"><\/div><div class=\"fusion-separator fusion-full-width-sep\" style=\"margin-left: auto;margin-right: auto;margin-top:50px;width:100%;\"><\/div><div class=\"fusion-sep-clear\"><\/div><div class=\"fusion-clearfix\"><\/div><\/div><\/div><div class=\"fusion-layout-column fusion_builder_column fusion-builder-column-12 fusion_builder_column_1_2 1_2 fusion-one-half fusion-column-first\" style=\"--awb-bg-size:cover;width:50%;width:calc(50% - ( ( 4% ) * 0.5 ) );margin-right: 4%;\"><div class=\"fusion-column-wrapper fusion-flex-column-wrapper-legacy\"><div class=\"fusion-image-element in-legacy-container\" style=\"--awb-caption-title-font-family:var(--h2_typography-font-family);--awb-caption-title-font-weight:var(--h2_typography-font-weight);--awb-caption-title-font-style:var(--h2_typography-font-style);--awb-caption-title-size:var(--h2_typography-font-size);--awb-caption-title-transform:var(--h2_typography-text-transform);--awb-caption-title-line-height:var(--h2_typography-line-height);--awb-caption-title-letter-spacing:var(--h2_typography-letter-spacing);\"><span class=\" fusion-imageframe imageframe-none imageframe-7 hover-type-none\"><a href=\"https:\/\/casa-interior.com\/wp-content\/uploads\/2019\/03\/Kuchentime-Flash-503-1-1-1024x603.jpg\" class=\"fusion-lightbox\" data-rel=\"iLightbox[K\u00fcchentime 2019]\" data-title=\"Kuchentime Flash 503 &#8211; 1 &#8211; 1\" title=\"Kuchentime Flash 503 &#8211; 1 &#8211; 1\"><img decoding=\"async\" width=\"1024\" height=\"603\" alt=\"Cocina Moderna K\u00fcchentime 2019 Flash 503\" src=\"https:\/\/casa-interior.com\/wp-content\/uploads\/2019\/03\/Kuchentime-Flash-503-1-1-1024x603.jpg\" class=\"img-responsive wp-image-21298\"\/><\/a><\/span><\/div><div class=\"fusion-sep-clear\"><\/div><div class=\"fusion-separator fusion-full-width-sep\" style=\"margin-left: auto;margin-right: auto;margin-top:50px;width:100%;\"><\/div><div class=\"fusion-sep-clear\"><\/div><div class=\"fusion-clearfix\"><\/div><\/div><\/div><div class=\"fusion-layout-column fusion_builder_column fusion-builder-column-13 fusion_builder_column_1_2 1_2 fusion-one-half fusion-column-last\" style=\"--awb-bg-size:cover;width:50%;width:calc(50% - ( ( 4% ) * 0.5 ) );\"><div class=\"fusion-column-wrapper fusion-flex-column-wrapper-legacy\"><div class=\"fusion-title title fusion-title-13 fusion-sep-none fusion-title-center fusion-title-text fusion-title-size-four\" style=\"--awb-margin-top-small:0px;--awb-margin-right-small:0px;--awb-margin-bottom-small:20px;--awb-margin-left-small:0px;\"><h4 class=\"fusion-title-heading title-heading-center fusion-responsive-typography-calculated\" style=\"margin:0;--fontSize:30;line-height:1.5;\"><a href=\"https:\/\/casa-interior.com\/es\/portfolio-items\/kuchentime-flash-503\/\">Flash 503<\/a><\/h4><\/div><div class=\"fusion-title title fusion-title-14 fusion-sep-none fusion-title-center fusion-title-text fusion-title-size-five\" style=\"--awb-margin-top-small:0px;--awb-margin-right-small:0px;--awb-margin-bottom-small:20px;--awb-margin-left-small:0px;\"><h5 class=\"fusion-title-heading title-heading-center fusion-responsive-typography-calculated\" style=\"margin:0;--fontSize:19;--minFontSize:19;line-height:1.5;\">Laminado lacado, blanco alpino brillo intenso (503)<\/h5><\/div><div class=\"fusion-text fusion-text-8\"><p>El buen dise\u00f1o y el alto confort en esta propuesta de cocina fusionan perfectamente. La soluci\u00f3n de isla es una verdadera atracci\u00f3n con recorridos cortos para la preparaci\u00f3n y elaboraci\u00f3n de la comida.<\/p>\n<\/div><div class=\"fusion-sep-clear\"><\/div><div class=\"fusion-separator fusion-full-width-sep\" style=\"margin-left: auto;margin-right: auto;margin-top:50px;width:100%;\"><\/div><div class=\"fusion-sep-clear\"><\/div><div class=\"fusion-clearfix\"><\/div><\/div><\/div><div class=\"fusion-layout-column fusion_builder_column fusion-builder-column-14 fusion_builder_column_1_2 1_2 fusion-one-half fusion-column-first\" style=\"--awb-bg-size:cover;width:50%;width:calc(50% - ( ( 4% ) * 0.5 ) );margin-right: 4%;\"><div class=\"fusion-column-wrapper fusion-flex-column-wrapper-legacy\"><div class=\"fusion-title title fusion-title-15 fusion-sep-none fusion-title-center fusion-title-text fusion-title-size-four\" style=\"--awb-margin-top-small:0px;--awb-margin-right-small:0px;--awb-margin-bottom-small:20px;--awb-margin-left-small:0px;\"><h4 class=\"fusion-title-heading title-heading-center fusion-responsive-typography-calculated\" style=\"margin:0;--fontSize:30;line-height:1.5;\"><a href=\"https:\/\/casa-interior.com\/es\/?post_type=avada_portfolio&#038;p=18621\">StoneArt 304<\/a><\/h4><\/div><div class=\"fusion-title title fusion-title-16 fusion-sep-none fusion-title-center fusion-title-text fusion-title-size-five\" style=\"--awb-margin-top-small:0px;--awb-margin-right-small:0px;--awb-margin-bottom-small:20px;--awb-margin-left-small:0px;\"><h5 class=\"fusion-title-heading title-heading-center fusion-responsive-typography-calculated\" style=\"margin:0;--fontSize:19;--minFontSize:19;line-height:1.5;\">Dise\u00f1o pizarra gris piedra (304)<\/h5><\/div><div class=\"fusion-text fusion-text-9\"><p>Arquitectura clara en pizarra gris piedra Este acabado StoneArt completa la tendencia a decoraciones de piedras de formato grande con un toque especialmente natural. En los pr\u00e1cticos armarios de persiana est\u00e1n r\u00e1pidamente listos para usar tomacorrientes integrados y electrodom\u00e9sticos peque\u00f1os.<\/p>\n<\/div><div class=\"fusion-sep-clear\"><\/div><div class=\"fusion-separator fusion-full-width-sep\" style=\"margin-left: auto;margin-right: auto;margin-top:50px;width:100%;\"><\/div><div class=\"fusion-sep-clear\"><\/div><div class=\"fusion-clearfix\"><\/div><\/div><\/div><div class=\"fusion-layout-column fusion_builder_column fusion-builder-column-15 fusion_builder_column_1_2 1_2 fusion-one-half fusion-column-last\" style=\"--awb-bg-size:cover;width:50%;width:calc(50% - ( ( 4% ) * 0.5 ) );\"><div class=\"fusion-column-wrapper fusion-flex-column-wrapper-legacy\"><div class=\"fusion-image-element in-legacy-container\" style=\"--awb-caption-title-font-family:var(--h2_typography-font-family);--awb-caption-title-font-weight:var(--h2_typography-font-weight);--awb-caption-title-font-style:var(--h2_typography-font-style);--awb-caption-title-size:var(--h2_typography-font-size);--awb-caption-title-transform:var(--h2_typography-text-transform);--awb-caption-title-line-height:var(--h2_typography-line-height);--awb-caption-title-letter-spacing:var(--h2_typography-letter-spacing);\"><span class=\" fusion-imageframe imageframe-none imageframe-8 hover-type-none\"><a href=\"https:\/\/casa-interior.com\/wp-content\/uploads\/2019\/04\/Kuchentime-Stoneart-304-N-1-1-1024x603.jpg\" class=\"fusion-lightbox\" data-rel=\"iLightbox[K\u00fcchentime 2019]\" data-title=\"Kuchentime StoneArt 304 N &#8211; 1 &#8211; 1\" title=\"Kuchentime StoneArt 304 N &#8211; 1 &#8211; 1\"><img decoding=\"async\" width=\"1024\" height=\"603\" alt=\"Cocina Moderna K\u00fcchentime 2019 StoneArt 304\" src=\"https:\/\/casa-interior.com\/wp-content\/uploads\/2019\/04\/Kuchentime-Stoneart-304-N-1-1-1024x603.jpg\" class=\"img-responsive wp-image-21830\"\/><\/a><\/span><\/div><div class=\"fusion-sep-clear\"><\/div><div class=\"fusion-separator fusion-full-width-sep\" style=\"margin-left: auto;margin-right: auto;margin-top:50px;width:100%;\"><\/div><div class=\"fusion-sep-clear\"><\/div><div class=\"fusion-clearfix\"><\/div><\/div><\/div><div class=\"fusion-layout-column fusion_builder_column fusion-builder-column-16 fusion_builder_column_1_2 1_2 fusion-one-half fusion-column-first\" style=\"--awb-bg-size:cover;width:50%;width:calc(50% - ( ( 4% ) * 0.5 ) );margin-right: 4%;\"><div class=\"fusion-column-wrapper fusion-flex-column-wrapper-legacy\"><div class=\"fusion-image-element in-legacy-container\" style=\"--awb-caption-title-font-family:var(--h2_typography-font-family);--awb-caption-title-font-weight:var(--h2_typography-font-weight);--awb-caption-title-font-style:var(--h2_typography-font-style);--awb-caption-title-size:var(--h2_typography-font-size);--awb-caption-title-transform:var(--h2_typography-text-transform);--awb-caption-title-line-height:var(--h2_typography-line-height);--awb-caption-title-letter-spacing:var(--h2_typography-letter-spacing);\"><span class=\" fusion-imageframe imageframe-none imageframe-9 hover-type-none\"><a href=\"https:\/\/casa-interior.com\/wp-content\/uploads\/2019\/03\/Kuchentime-Inox-216-N-1-1-1024x603.jpg\" class=\"fusion-lightbox\" data-rel=\"iLightbox[K\u00fcchentime 2019]\" data-title=\"Kuchentime Inox 216 N &#8211; 1 &#8211; 1\" title=\"Kuchentime Inox 216 N &#8211; 1 &#8211; 1\"><img decoding=\"async\" width=\"1024\" height=\"603\" alt=\"Cocina Moderna K\u00fcchentime 2019 Inox 216\" src=\"https:\/\/casa-interior.com\/wp-content\/uploads\/2019\/03\/Kuchentime-Inox-216-N-1-1-1024x603.jpg\" class=\"img-responsive wp-image-21439\"\/><\/a><\/span><\/div><div class=\"fusion-sep-clear\"><\/div><div class=\"fusion-separator fusion-full-width-sep\" style=\"margin-left: auto;margin-right: auto;margin-top:50px;width:100%;\"><\/div><div class=\"fusion-sep-clear\"><\/div><div class=\"fusion-clearfix\"><\/div><\/div><\/div><div class=\"fusion-layout-column fusion_builder_column fusion-builder-column-17 fusion_builder_column_1_2 1_2 fusion-one-half fusion-column-last\" style=\"--awb-bg-size:cover;width:50%;width:calc(50% - ( ( 4% ) * 0.5 ) );\"><div class=\"fusion-column-wrapper fusion-flex-column-wrapper-legacy\"><div class=\"fusion-title title fusion-title-17 fusion-sep-none fusion-title-center fusion-title-text fusion-title-size-four\" style=\"--awb-margin-top-small:0px;--awb-margin-right-small:0px;--awb-margin-bottom-small:20px;--awb-margin-left-small:0px;\"><h4 class=\"fusion-title-heading title-heading-center fusion-responsive-typography-calculated\" style=\"margin:0;--fontSize:30;line-height:1.5;\"><a href=\"https:\/\/casa-interior.com\/es\/portfolio-items\/kuchentime-inox-216\/\">Inox 216<\/a><\/h4><\/div><div class=\"fusion-title title fusion-title-18 fusion-sep-none fusion-title-center fusion-title-text fusion-title-size-five\" style=\"--awb-margin-top-small:0px;--awb-margin-right-small:0px;--awb-margin-bottom-small:20px;--awb-margin-left-small:0px;\"><h5 class=\"fusion-title-heading title-heading-center fusion-responsive-typography-calculated\" style=\"margin:0;--fontSize:19;--minFontSize:19;line-height:1.5;\">Laminado lacado, reproducci\u00f3n acero cepillado (216)<\/h5><\/div><div class=\"fusion-text fusion-text-10\"><p>Quien desee darle a su cocina un aspecto profesional a\u00fan m\u00e1s moderno se decide especialmente por este frente con decoraci\u00f3n de acero cepillado. El frente contribuye al ambiente con su estiloso acero inoxidable y crea un car\u00e1cter de encanto industrial en la cocina. Los costados y paneles de z\u00f3calo de la misma decoraci\u00f3n hacen posible que el conjunto alcance un aspecto perfecto en su totalidad.<\/p>\n<\/div><div class=\"fusion-sep-clear\"><\/div><div class=\"fusion-separator fusion-full-width-sep\" style=\"margin-left: auto;margin-right: auto;margin-top:50px;width:100%;\"><\/div><div class=\"fusion-sep-clear\"><\/div><div class=\"fusion-clearfix\"><\/div><\/div><\/div><div class=\"fusion-layout-column fusion_builder_column fusion-builder-column-18 fusion_builder_column_1_2 1_2 fusion-one-half fusion-column-first\" style=\"--awb-bg-size:cover;width:50%;width:calc(50% - ( ( 4% ) * 0.5 ) );margin-right: 4%;\"><div class=\"fusion-column-wrapper fusion-flex-column-wrapper-legacy\"><div class=\"fusion-title title fusion-title-19 fusion-sep-none fusion-title-center fusion-title-text fusion-title-size-four\" style=\"--awb-margin-top-small:0px;--awb-margin-right-small:0px;--awb-margin-bottom-small:20px;--awb-margin-left-small:0px;\"><h4 class=\"fusion-title-heading title-heading-center fusion-responsive-typography-calculated\" style=\"margin:0;--fontSize:30;line-height:1.5;\"><a href=\"https:\/\/casa-interior.com\/es\/portfolio-items\/kuchentime-cascada-772-2\/\">Cascada 772<\/a><\/h4><\/div><div class=\"fusion-title title fusion-title-20 fusion-sep-none fusion-title-center fusion-title-text fusion-title-size-five\" style=\"--awb-margin-top-small:0px;--awb-margin-right-small:0px;--awb-margin-bottom-small:20px;--awb-margin-left-small:0px;\"><h5 class=\"fusion-title-heading title-heading-center fusion-responsive-typography-calculated\" style=\"margin:0;--fontSize:19;--minFontSize:19;line-height:1.5;\">Laminado lacado, gris piedra (772)<\/h5><\/div><div class=\"fusion-text fusion-text-11\"><p>El desenfadado arreglo de esta cocina de estilo r\u00fastico cautiva la atenci\u00f3n del espectador gracias a esos detalles que caracterizan una cocina perfecta. Por ejemplo con cortos recorridos de trabajo, un espacio integrado para sentarse en la isla de cocina y mucho espacio para guardar en los armarios bajos XL.<\/p>\n<\/div><div class=\"fusion-sep-clear\"><\/div><div class=\"fusion-separator fusion-full-width-sep\" style=\"margin-left: auto;margin-right: auto;margin-top:50px;width:100%;\"><\/div><div class=\"fusion-sep-clear\"><\/div><div class=\"fusion-clearfix\"><\/div><\/div><\/div><div class=\"fusion-layout-column fusion_builder_column fusion-builder-column-19 fusion_builder_column_1_2 1_2 fusion-one-half fusion-column-last\" style=\"--awb-bg-size:cover;width:50%;width:calc(50% - ( ( 4% ) * 0.5 ) );\"><div class=\"fusion-column-wrapper fusion-flex-column-wrapper-legacy\"><div class=\"fusion-image-element in-legacy-container\" style=\"--awb-caption-title-font-family:var(--h2_typography-font-family);--awb-caption-title-font-weight:var(--h2_typography-font-weight);--awb-caption-title-font-style:var(--h2_typography-font-style);--awb-caption-title-size:var(--h2_typography-font-size);--awb-caption-title-transform:var(--h2_typography-text-transform);--awb-caption-title-line-height:var(--h2_typography-line-height);--awb-caption-title-letter-spacing:var(--h2_typography-letter-spacing);\"><span class=\" fusion-imageframe imageframe-none imageframe-10 hover-type-none\"><a href=\"https:\/\/casa-interior.com\/wp-content\/uploads\/2019\/04\/Kuchentime-Cascada-772-1-1-1024x603.jpg\" class=\"fusion-lightbox\" data-rel=\"iLightbox[K\u00fcchentime 2019]\" data-title=\"Kuchentime Cascada 772 &#8211; 1 &#8211; 1\" title=\"Kuchentime Cascada 772 &#8211; 1 &#8211; 1\"><img decoding=\"async\" width=\"1024\" height=\"603\" alt=\"Cocina Moderna K\u00fcchentime 2019 Cascada 772\" src=\"https:\/\/casa-interior.com\/wp-content\/uploads\/2019\/04\/Kuchentime-Cascada-772-1-1-1024x603.jpg\" class=\"img-responsive wp-image-20862\"\/><\/a><\/span><\/div><div class=\"fusion-sep-clear\"><\/div><div class=\"fusion-separator fusion-full-width-sep\" style=\"margin-left: auto;margin-right: auto;margin-top:50px;width:100%;\"><\/div><div class=\"fusion-sep-clear\"><\/div><div class=\"fusion-clearfix\"><\/div><\/div><\/div><div class=\"fusion-layout-column fusion_builder_column fusion-builder-column-20 fusion_builder_column_1_1 1_1 fusion-one-full fusion-column-first fusion-column-last\" style=\"--awb-bg-size:cover;\"><div class=\"fusion-column-wrapper fusion-flex-column-wrapper-legacy\"><div class=\"fusion-sep-clear\"><\/div><div class=\"fusion-separator fusion-full-width-sep\" style=\"margin-left: auto;margin-right: auto;margin-top:50px;width:100%;\"><\/div><div class=\"fusion-sep-clear\"><\/div><div class=\"fusion-reading-box-container reading-box-container-1\" style=\"--awb-title-color:#323643;--awb-margin-top:0px;--awb-margin-bottom:84px;\"><div class=\"reading-box\" style=\"background-color:#f6f6f6;border-width:1px;border-color:#f6f6f6;border-top-width:3px;border-top-color:var(--primary_color);border-style:solid;\"><h2>Final de serie<\/h2><div class=\"reading-box-additional fusion-reading-box-additional\">\n<ul>\n<li>Speed 271<\/li>\n<li>Speed 260<\/li>\n<li>Rio 374<\/li>\n<li>Riva 896<\/li>\n<li>Riva 894<\/li>\n<li>Touch 335<\/li>\n<li>Flash 501<\/li>\n<li>Focus 472<\/li>\n<li>Credo 766<\/li>\n<li>Xeno 660<\/li>\n<li>Xeno 670<\/li>\n<\/ul>\n<\/div><div class=\"fusion-clearfix\"><\/div><\/div><\/div><div class=\"fusion-clearfix\"><\/div><\/div><\/div><\/div><\/div><\/p>\n","protected":false},"excerpt":{"rendered":"<p>K\u00fcchentime nos trae el nuevo cat\u00e1logo para 2019. Ahora podemos mostrar las nuevas puertas y decir adios a algunos modelos que no estar\u00e1n disponibles a partir de ahora. Adem\u00e1s, hay nuevos dise\u00f1os para los colores de carcasa, las encimeras de cocinas y los tiradores de las puertas.<\/p>\n","protected":false},"author":1,"featured_media":12000,"comment_status":"open","ping_status":"open","sticky":false,"template":"","format":"gallery","meta":{"footnotes":""},"categories":[919,1349],"tags":[1603,171,1625,1623,1605,1606,172,1621,1613,1609,1608,174,1622,1604],"class_list":["post-19805","post","type-post","status-publish","format-gallery","has-post-thumbnail","hentry","category-inspiracion","category-noticias","tag-1603","tag-casa-interior","tag-cascada","tag-catalogo","tag-flash","tag-inox","tag-kuchentime","tag-puerta","tag-riva","tag-speed","tag-stoneart","tag-structura","tag-tendencia","tag-touch","post_format-post-format-gallery"],"yoast_head":"<!-- This site is optimized with the Yoast SEO plugin v27.3 - https:\/\/yoast.com\/product\/yoast-seo-wordpress\/ -->\n<title>Casa Interior - Blog - Abril 2019 - Nuevo Cat\u00e1logo K\u00fcchentime 2019<\/title>\n<meta name=\"robots\" content=\"index, follow, max-snippet:-1, max-image-preview:large, max-video-preview:-1\" \/>\n<link rel=\"canonical\" href=\"https:\/\/casa-interior.com\/es\/2019\/04\/25\/kuchentime-encimera-xtra\/\" \/>\n<meta property=\"og:locale\" content=\"es_ES\" \/>\n<meta property=\"og:type\" content=\"article\" \/>\n<meta property=\"og:title\" content=\"Casa Interior - Blog - Abril 2019 - Nuevo Cat\u00e1logo K\u00fcchentime 2019\" \/>\n<meta property=\"og:description\" content=\"K\u00fcchentime nos trae el nuevo cat\u00e1logo para 2019. Ahora podemos mostrar las nuevas puertas y decir adios a algunos modelos que no estar\u00e1n disponibles a partir de ahora. Adem\u00e1s, hay nuevos dise\u00f1os para los colores de carcasa, las encimeras de cocinas y los tiradores de las puertas.\" \/>\n<meta property=\"og:url\" content=\"https:\/\/casa-interior.com\/es\/2019\/04\/25\/kuchentime-encimera-xtra\/\" \/>\n<meta property=\"og:site_name\" content=\"Casa Interior\" \/>\n<meta property=\"article:publisher\" content=\"https:\/\/www.facebook.com\/kitchens.costa.blanca\/\" \/>\n<meta property=\"article:published_time\" content=\"2019-04-25T17:06:39+00:00\" \/>\n<meta property=\"article:modified_time\" content=\"2019-06-07T16:02:04+00:00\" \/>\n<meta property=\"og:image\" content=\"https:\/\/casa-interior.com\/wp-content\/uploads\/2018\/03\/Kuchentime.jpg\" \/>\n\t<meta property=\"og:image:width\" content=\"500\" \/>\n\t<meta property=\"og:image:height\" content=\"500\" \/>\n\t<meta property=\"og:image:type\" content=\"image\/jpeg\" \/>\n<meta name=\"author\" content=\"niribas\" \/>\n<meta name=\"twitter:card\" content=\"summary_large_image\" \/>\n<meta name=\"twitter:label1\" content=\"Escrito por\" \/>\n\t<meta name=\"twitter:data1\" content=\"niribas\" \/>\n\t<meta name=\"twitter:label2\" content=\"Tiempo de lectura\" \/>\n\t<meta name=\"twitter:data2\" content=\"19 minutos\" \/>\n<script type=\"application\/ld+json\" class=\"yoast-schema-graph\">{\"@context\":\"https:\\\/\\\/schema.org\",\"@graph\":[{\"@type\":\"Article\",\"@id\":\"https:\\\/\\\/casa-interior.com\\\/es\\\/2019\\\/04\\\/25\\\/kuchentime-encimera-xtra\\\/#article\",\"isPartOf\":{\"@id\":\"https:\\\/\\\/casa-interior.com\\\/es\\\/2019\\\/04\\\/25\\\/kuchentime-encimera-xtra\\\/\"},\"author\":{\"name\":\"niribas\",\"@id\":\"https:\\\/\\\/casa-interior.com\\\/es\\\/#\\\/schema\\\/person\\\/20abc876fea262dc8fb98de5c5028bab\"},\"headline\":\"Nuevo cat\u00e1logo K\u00fcchentime 2019\",\"datePublished\":\"2019-04-25T17:06:39+00:00\",\"dateModified\":\"2019-06-07T16:02:04+00:00\",\"mainEntityOfPage\":{\"@id\":\"https:\\\/\\\/casa-interior.com\\\/es\\\/2019\\\/04\\\/25\\\/kuchentime-encimera-xtra\\\/\"},\"wordCount\":3868,\"commentCount\":0,\"publisher\":{\"@id\":\"https:\\\/\\\/casa-interior.com\\\/es\\\/#organization\"},\"image\":{\"@id\":\"https:\\\/\\\/casa-interior.com\\\/es\\\/2019\\\/04\\\/25\\\/kuchentime-encimera-xtra\\\/#primaryimage\"},\"thumbnailUrl\":\"https:\\\/\\\/casa-interior.com\\\/wp-content\\\/uploads\\\/2018\\\/03\\\/Kuchentime.jpg\",\"keywords\":[\"2019\",\"Casa Interior\",\"Cascada\",\"Cat\u00e1logo\",\"Flash\",\"Inox\",\"K\u00fcchentime\",\"Puerta\",\"Riva\",\"Speed\",\"StoneArt\",\"Structura\",\"Tendencia\",\"Touch\"],\"articleSection\":[\"Inspiraci\u00f3n\",\"Noticias\"],\"inLanguage\":\"es\",\"potentialAction\":[{\"@type\":\"CommentAction\",\"name\":\"Comment\",\"target\":[\"https:\\\/\\\/casa-interior.com\\\/es\\\/2019\\\/04\\\/25\\\/kuchentime-encimera-xtra\\\/#respond\"]}]},{\"@type\":\"WebPage\",\"@id\":\"https:\\\/\\\/casa-interior.com\\\/es\\\/2019\\\/04\\\/25\\\/kuchentime-encimera-xtra\\\/\",\"url\":\"https:\\\/\\\/casa-interior.com\\\/es\\\/2019\\\/04\\\/25\\\/kuchentime-encimera-xtra\\\/\",\"name\":\"Casa Interior - Blog - Abril 2019 - Nuevo Cat\u00e1logo K\u00fcchentime 2019\",\"isPartOf\":{\"@id\":\"https:\\\/\\\/casa-interior.com\\\/es\\\/#website\"},\"primaryImageOfPage\":{\"@id\":\"https:\\\/\\\/casa-interior.com\\\/es\\\/2019\\\/04\\\/25\\\/kuchentime-encimera-xtra\\\/#primaryimage\"},\"image\":{\"@id\":\"https:\\\/\\\/casa-interior.com\\\/es\\\/2019\\\/04\\\/25\\\/kuchentime-encimera-xtra\\\/#primaryimage\"},\"thumbnailUrl\":\"https:\\\/\\\/casa-interior.com\\\/wp-content\\\/uploads\\\/2018\\\/03\\\/Kuchentime.jpg\",\"datePublished\":\"2019-04-25T17:06:39+00:00\",\"dateModified\":\"2019-06-07T16:02:04+00:00\",\"breadcrumb\":{\"@id\":\"https:\\\/\\\/casa-interior.com\\\/es\\\/2019\\\/04\\\/25\\\/kuchentime-encimera-xtra\\\/#breadcrumb\"},\"inLanguage\":\"es\",\"potentialAction\":[{\"@type\":\"ReadAction\",\"target\":[\"https:\\\/\\\/casa-interior.com\\\/es\\\/2019\\\/04\\\/25\\\/kuchentime-encimera-xtra\\\/\"]}]},{\"@type\":\"ImageObject\",\"inLanguage\":\"es\",\"@id\":\"https:\\\/\\\/casa-interior.com\\\/es\\\/2019\\\/04\\\/25\\\/kuchentime-encimera-xtra\\\/#primaryimage\",\"url\":\"https:\\\/\\\/casa-interior.com\\\/wp-content\\\/uploads\\\/2018\\\/03\\\/Kuchentime.jpg\",\"contentUrl\":\"https:\\\/\\\/casa-interior.com\\\/wp-content\\\/uploads\\\/2018\\\/03\\\/Kuchentime.jpg\",\"width\":500,\"height\":500,\"caption\":\"K\u00fcchentime 2019\"},{\"@type\":\"BreadcrumbList\",\"@id\":\"https:\\\/\\\/casa-interior.com\\\/es\\\/2019\\\/04\\\/25\\\/kuchentime-encimera-xtra\\\/#breadcrumb\",\"itemListElement\":[{\"@type\":\"ListItem\",\"position\":1,\"name\":\"Portada\",\"item\":\"https:\\\/\\\/casa-interior.com\\\/es\\\/casa-interior\\\/\"},{\"@type\":\"ListItem\",\"position\":2,\"name\":\"Nuevo cat\u00e1logo K\u00fcchentime 2019\"}]},{\"@type\":\"WebSite\",\"@id\":\"https:\\\/\\\/casa-interior.com\\\/es\\\/#website\",\"url\":\"https:\\\/\\\/casa-interior.com\\\/es\\\/\",\"name\":\"Casa Interior\",\"description\":\"Kitchen Designers in Costa Blanca\",\"publisher\":{\"@id\":\"https:\\\/\\\/casa-interior.com\\\/es\\\/#organization\"},\"potentialAction\":[{\"@type\":\"SearchAction\",\"target\":{\"@type\":\"EntryPoint\",\"urlTemplate\":\"https:\\\/\\\/casa-interior.com\\\/es\\\/?s={search_term_string}\"},\"query-input\":{\"@type\":\"PropertyValueSpecification\",\"valueRequired\":true,\"valueName\":\"search_term_string\"}}],\"inLanguage\":\"es\"},{\"@type\":\"Organization\",\"@id\":\"https:\\\/\\\/casa-interior.com\\\/es\\\/#organization\",\"name\":\"Casa Interior\",\"url\":\"https:\\\/\\\/casa-interior.com\\\/es\\\/\",\"logo\":{\"@type\":\"ImageObject\",\"inLanguage\":\"es\",\"@id\":\"https:\\\/\\\/casa-interior.com\\\/es\\\/#\\\/schema\\\/logo\\\/image\\\/\",\"url\":\"https:\\\/\\\/casa-interior.com\\\/wp-content\\\/uploads\\\/2018\\\/03\\\/Logo-Casa-Interior-nuevo-150px.png\",\"contentUrl\":\"https:\\\/\\\/casa-interior.com\\\/wp-content\\\/uploads\\\/2018\\\/03\\\/Logo-Casa-Interior-nuevo-150px.png\",\"width\":150,\"height\":150,\"caption\":\"Casa Interior\"},\"image\":{\"@id\":\"https:\\\/\\\/casa-interior.com\\\/es\\\/#\\\/schema\\\/logo\\\/image\\\/\"},\"sameAs\":[\"https:\\\/\\\/www.facebook.com\\\/kitchens.costa.blanca\\\/\",\"https:\\\/\\\/www.instagram.com\\\/casainterioraltea\"]},{\"@type\":\"Person\",\"@id\":\"https:\\\/\\\/casa-interior.com\\\/es\\\/#\\\/schema\\\/person\\\/20abc876fea262dc8fb98de5c5028bab\",\"name\":\"niribas\",\"image\":{\"@type\":\"ImageObject\",\"inLanguage\":\"es\",\"@id\":\"https:\\\/\\\/secure.gravatar.com\\\/avatar\\\/cb35377b7c77649f38257f3ba6dc37b9c641db662db8478298a0d0522c4224a9?s=96&d=mm&r=g\",\"url\":\"https:\\\/\\\/secure.gravatar.com\\\/avatar\\\/cb35377b7c77649f38257f3ba6dc37b9c641db662db8478298a0d0522c4224a9?s=96&d=mm&r=g\",\"contentUrl\":\"https:\\\/\\\/secure.gravatar.com\\\/avatar\\\/cb35377b7c77649f38257f3ba6dc37b9c641db662db8478298a0d0522c4224a9?s=96&d=mm&r=g\",\"caption\":\"niribas\"},\"url\":\"https:\\\/\\\/casa-interior.com\\\/es\\\/author\\\/niribas\\\/\"}]}<\/script>\n<!-- \/ Yoast SEO plugin. -->","yoast_head_json":{"title":"Casa Interior - Blog - Abril 2019 - Nuevo Cat\u00e1logo K\u00fcchentime 2019","robots":{"index":"index","follow":"follow","max-snippet":"max-snippet:-1","max-image-preview":"max-image-preview:large","max-video-preview":"max-video-preview:-1"},"canonical":"https:\/\/casa-interior.com\/es\/2019\/04\/25\/kuchentime-encimera-xtra\/","og_locale":"es_ES","og_type":"article","og_title":"Casa Interior - Blog - Abril 2019 - Nuevo Cat\u00e1logo K\u00fcchentime 2019","og_description":"K\u00fcchentime nos trae el nuevo cat\u00e1logo para 2019. Ahora podemos mostrar las nuevas puertas y decir adios a algunos modelos que no estar\u00e1n disponibles a partir de ahora. Adem\u00e1s, hay nuevos dise\u00f1os para los colores de carcasa, las encimeras de cocinas y los tiradores de las puertas.","og_url":"https:\/\/casa-interior.com\/es\/2019\/04\/25\/kuchentime-encimera-xtra\/","og_site_name":"Casa Interior","article_publisher":"https:\/\/www.facebook.com\/kitchens.costa.blanca\/","article_published_time":"2019-04-25T17:06:39+00:00","article_modified_time":"2019-06-07T16:02:04+00:00","og_image":[{"width":500,"height":500,"url":"https:\/\/casa-interior.com\/wp-content\/uploads\/2018\/03\/Kuchentime.jpg","type":"image\/jpeg"}],"author":"niribas","twitter_card":"summary_large_image","twitter_misc":{"Escrito por":"niribas","Tiempo de lectura":"19 minutos"},"schema":{"@context":"https:\/\/schema.org","@graph":[{"@type":"Article","@id":"https:\/\/casa-interior.com\/es\/2019\/04\/25\/kuchentime-encimera-xtra\/#article","isPartOf":{"@id":"https:\/\/casa-interior.com\/es\/2019\/04\/25\/kuchentime-encimera-xtra\/"},"author":{"name":"niribas","@id":"https:\/\/casa-interior.com\/es\/#\/schema\/person\/20abc876fea262dc8fb98de5c5028bab"},"headline":"Nuevo cat\u00e1logo K\u00fcchentime 2019","datePublished":"2019-04-25T17:06:39+00:00","dateModified":"2019-06-07T16:02:04+00:00","mainEntityOfPage":{"@id":"https:\/\/casa-interior.com\/es\/2019\/04\/25\/kuchentime-encimera-xtra\/"},"wordCount":3868,"commentCount":0,"publisher":{"@id":"https:\/\/casa-interior.com\/es\/#organization"},"image":{"@id":"https:\/\/casa-interior.com\/es\/2019\/04\/25\/kuchentime-encimera-xtra\/#primaryimage"},"thumbnailUrl":"https:\/\/casa-interior.com\/wp-content\/uploads\/2018\/03\/Kuchentime.jpg","keywords":["2019","Casa Interior","Cascada","Cat\u00e1logo","Flash","Inox","K\u00fcchentime","Puerta","Riva","Speed","StoneArt","Structura","Tendencia","Touch"],"articleSection":["Inspiraci\u00f3n","Noticias"],"inLanguage":"es","potentialAction":[{"@type":"CommentAction","name":"Comment","target":["https:\/\/casa-interior.com\/es\/2019\/04\/25\/kuchentime-encimera-xtra\/#respond"]}]},{"@type":"WebPage","@id":"https:\/\/casa-interior.com\/es\/2019\/04\/25\/kuchentime-encimera-xtra\/","url":"https:\/\/casa-interior.com\/es\/2019\/04\/25\/kuchentime-encimera-xtra\/","name":"Casa Interior - Blog - Abril 2019 - Nuevo Cat\u00e1logo K\u00fcchentime 2019","isPartOf":{"@id":"https:\/\/casa-interior.com\/es\/#website"},"primaryImageOfPage":{"@id":"https:\/\/casa-interior.com\/es\/2019\/04\/25\/kuchentime-encimera-xtra\/#primaryimage"},"image":{"@id":"https:\/\/casa-interior.com\/es\/2019\/04\/25\/kuchentime-encimera-xtra\/#primaryimage"},"thumbnailUrl":"https:\/\/casa-interior.com\/wp-content\/uploads\/2018\/03\/Kuchentime.jpg","datePublished":"2019-04-25T17:06:39+00:00","dateModified":"2019-06-07T16:02:04+00:00","breadcrumb":{"@id":"https:\/\/casa-interior.com\/es\/2019\/04\/25\/kuchentime-encimera-xtra\/#breadcrumb"},"inLanguage":"es","potentialAction":[{"@type":"ReadAction","target":["https:\/\/casa-interior.com\/es\/2019\/04\/25\/kuchentime-encimera-xtra\/"]}]},{"@type":"ImageObject","inLanguage":"es","@id":"https:\/\/casa-interior.com\/es\/2019\/04\/25\/kuchentime-encimera-xtra\/#primaryimage","url":"https:\/\/casa-interior.com\/wp-content\/uploads\/2018\/03\/Kuchentime.jpg","contentUrl":"https:\/\/casa-interior.com\/wp-content\/uploads\/2018\/03\/Kuchentime.jpg","width":500,"height":500,"caption":"K\u00fcchentime 2019"},{"@type":"BreadcrumbList","@id":"https:\/\/casa-interior.com\/es\/2019\/04\/25\/kuchentime-encimera-xtra\/#breadcrumb","itemListElement":[{"@type":"ListItem","position":1,"name":"Portada","item":"https:\/\/casa-interior.com\/es\/casa-interior\/"},{"@type":"ListItem","position":2,"name":"Nuevo cat\u00e1logo K\u00fcchentime 2019"}]},{"@type":"WebSite","@id":"https:\/\/casa-interior.com\/es\/#website","url":"https:\/\/casa-interior.com\/es\/","name":"Casa Interior","description":"Kitchen Designers in Costa Blanca","publisher":{"@id":"https:\/\/casa-interior.com\/es\/#organization"},"potentialAction":[{"@type":"SearchAction","target":{"@type":"EntryPoint","urlTemplate":"https:\/\/casa-interior.com\/es\/?s={search_term_string}"},"query-input":{"@type":"PropertyValueSpecification","valueRequired":true,"valueName":"search_term_string"}}],"inLanguage":"es"},{"@type":"Organization","@id":"https:\/\/casa-interior.com\/es\/#organization","name":"Casa Interior","url":"https:\/\/casa-interior.com\/es\/","logo":{"@type":"ImageObject","inLanguage":"es","@id":"https:\/\/casa-interior.com\/es\/#\/schema\/logo\/image\/","url":"https:\/\/casa-interior.com\/wp-content\/uploads\/2018\/03\/Logo-Casa-Interior-nuevo-150px.png","contentUrl":"https:\/\/casa-interior.com\/wp-content\/uploads\/2018\/03\/Logo-Casa-Interior-nuevo-150px.png","width":150,"height":150,"caption":"Casa Interior"},"image":{"@id":"https:\/\/casa-interior.com\/es\/#\/schema\/logo\/image\/"},"sameAs":["https:\/\/www.facebook.com\/kitchens.costa.blanca\/","https:\/\/www.instagram.com\/casainterioraltea"]},{"@type":"Person","@id":"https:\/\/casa-interior.com\/es\/#\/schema\/person\/20abc876fea262dc8fb98de5c5028bab","name":"niribas","image":{"@type":"ImageObject","inLanguage":"es","@id":"https:\/\/secure.gravatar.com\/avatar\/cb35377b7c77649f38257f3ba6dc37b9c641db662db8478298a0d0522c4224a9?s=96&d=mm&r=g","url":"https:\/\/secure.gravatar.com\/avatar\/cb35377b7c77649f38257f3ba6dc37b9c641db662db8478298a0d0522c4224a9?s=96&d=mm&r=g","contentUrl":"https:\/\/secure.gravatar.com\/avatar\/cb35377b7c77649f38257f3ba6dc37b9c641db662db8478298a0d0522c4224a9?s=96&d=mm&r=g","caption":"niribas"},"url":"https:\/\/casa-interior.com\/es\/author\/niribas\/"}]}},"_links":{"self":[{"href":"https:\/\/casa-interior.com\/es\/wp-json\/wp\/v2\/posts\/19805","targetHints":{"allow":["GET"]}}],"collection":[{"href":"https:\/\/casa-interior.com\/es\/wp-json\/wp\/v2\/posts"}],"about":[{"href":"https:\/\/casa-interior.com\/es\/wp-json\/wp\/v2\/types\/post"}],"author":[{"embeddable":true,"href":"https:\/\/casa-interior.com\/es\/wp-json\/wp\/v2\/users\/1"}],"replies":[{"embeddable":true,"href":"https:\/\/casa-interior.com\/es\/wp-json\/wp\/v2\/comments?post=19805"}],"version-history":[{"count":0,"href":"https:\/\/casa-interior.com\/es\/wp-json\/wp\/v2\/posts\/19805\/revisions"}],"wp:featuredmedia":[{"embeddable":true,"href":"https:\/\/casa-interior.com\/es\/wp-json\/wp\/v2\/media\/12000"}],"wp:attachment":[{"href":"https:\/\/casa-interior.com\/es\/wp-json\/wp\/v2\/media?parent=19805"}],"wp:term":[{"taxonomy":"category","embeddable":true,"href":"https:\/\/casa-interior.com\/es\/wp-json\/wp\/v2\/categories?post=19805"},{"taxonomy":"post_tag","embeddable":true,"href":"https:\/\/casa-interior.com\/es\/wp-json\/wp\/v2\/tags?post=19805"}],"curies":[{"name":"wp","href":"https:\/\/api.w.org\/{rel}","templated":true}]}}