{"id":20537,"date":"2019-06-08T10:16:17","date_gmt":"2019-06-08T08:16:17","guid":{"rendered":"https:\/\/casa-interior.com\/?p=20537"},"modified":"2019-07-09T16:27:47","modified_gmt":"2019-07-09T14:27:47","slug":"cooking-rak-en-casa-interior","status":"publish","type":"post","link":"https:\/\/casa-interior.com\/es\/2019\/06\/08\/cooking-rak-en-casa-interior\/","title":{"rendered":"Cooking Rak en Casa Interior"},"content":{"rendered":"<div class=\"fusion-fullwidth fullwidth-box fusion-builder-row-1 nonhundred-percent-fullwidth non-hundred-percent-height-scrolling\" style=\"--awb-background-position:left top;--awb-border-radius-top-left:0px;--awb-border-radius-top-right:0px;--awb-border-radius-bottom-right:0px;--awb-border-radius-bottom-left:0px;--awb-padding-top:20px;--awb-padding-bottom:20px;--awb-border-sizes-top:0px;--awb-border-sizes-bottom:0px;--awb-flex-wrap:wrap;\" ><div class=\"fusion-builder-row fusion-row\"><div class=\"fusion-layout-column fusion_builder_column fusion-builder-column-0 fusion_builder_column_1_1 1_1 fusion-one-full fusion-column-first fusion-column-last\" style=\"--awb-padding-right:10%;--awb-padding-left:10%;--awb-bg-size:cover;\"><div class=\"fusion-column-wrapper fusion-flex-column-wrapper-legacy\"><div class=\"fusion-title title fusion-title-1 fusion-sep-none fusion-title-center fusion-title-text fusion-title-size-one\" style=\"--awb-margin-top-small:0px;--awb-margin-right-small:0px;--awb-margin-bottom-small:20px;--awb-margin-left-small:0px;\"><h1 class=\"fusion-title-heading title-heading-center fusion-responsive-typography-calculated\" style=\"margin:0;--fontSize:70;line-height:1.4;\"><h1 style=\"font-size: 50px; font-weight: 500;\">Cooking Rak in Casa Interior<\/h1><\/h1><\/div><div class=\"fusion-image-element fusion-image-align-center in-legacy-container\" style=\"text-align:center;--awb-caption-title-font-family:var(--h2_typography-font-family);--awb-caption-title-font-weight:var(--h2_typography-font-weight);--awb-caption-title-font-style:var(--h2_typography-font-style);--awb-caption-title-size:var(--h2_typography-font-size);--awb-caption-title-transform:var(--h2_typography-text-transform);--awb-caption-title-line-height:var(--h2_typography-line-height);--awb-caption-title-letter-spacing:var(--h2_typography-letter-spacing);\"><div class=\"imageframe-align-center\"><span class=\" fusion-imageframe imageframe-none imageframe-1 hover-type-none\"><img decoding=\"async\" width=\"54\" height=\"60\" title=\"Separador-Casa-Interior\" src=\"https:\/\/casa-interior.com\/wp-content\/uploads\/2018\/03\/Separador-Casa-Interior-1.png\" alt class=\"img-responsive wp-image-11980\"\/><\/span><\/div><\/div><div class=\"fusion-sep-clear\"><\/div><div class=\"fusion-separator fusion-full-width-sep\" style=\"margin-left: auto;margin-right: auto;margin-top:20px;width:100%;\"><\/div><div class=\"fusion-sep-clear\"><\/div><div class=\"fusion-text fusion-text-1\"><p style=\"font-weight: 16px; letter-spacing: 2px; text-align: center;\">Noticias Casa Interior \u2022 \u00a0 Junio, 2019<\/p>\n<\/div><div class=\"fusion-sep-clear\"><\/div><div class=\"fusion-separator fusion-full-width-sep\" style=\"margin-left: auto;margin-right: auto;margin-top:50px;width:100%;\"><\/div><div class=\"fusion-sep-clear\"><\/div><div class=\"fusion-image-carousel fusion-image-carousel-auto fusion-image-carousel-1 lightbox-enabled fusion-carousel-border\"><div class=\"awb-carousel awb-swiper awb-swiper-carousel awb-carousel--carousel awb-swiper-dots-position-bottom\" data-layout=\"carousel\" data-autoplay=\"no\" data-autoplayspeed=\"2500\" data-autoplaypause=\"no\" data-columns=\"2\" data-columnsmedium=\"1\" data-columnssmall=\"1\" data-itemmargin=\"13\" data-itemwidth=\"180\" data-touchscroll=\"no\" data-freemode=\"no\" data-imagesize=\"auto\" data-scrollitems=\"0\" data-centeredslides=\"no\" data-rotationangle=\"50\" data-depth=\"100\" data-speed=\"500\" data-shadow=\"no\" data-pagination=\"bullets\" style=\"--awb-columns:2;--awb-border-width:1px;--awb-border-color:#e9eaee;\"><div class=\"swiper-wrapper awb-image-carousel-wrapper fusion-flex-align-items-center\"><div class=\"swiper-slide\"><div class=\"fusion-carousel-item-wrapper\"><div class=\"fusion-image-wrapper hover-type-none\"><a data-rel=\"iLightbox[image_carousel_1]\" data-title=\"Casa Interior and Francisco Hita\" aria-label=\"Casa Interior and Francisco Hita\" href=\"https:\/\/casa-interior.com\/wp-content\/uploads\/2019\/06\/Casa-Interior-and-Francisco-Hita.jpg\" target=\"_self\"><img decoding=\"async\" width=\"1280\" height=\"754\" src=\"https:\/\/casa-interior.com\/wp-content\/uploads\/2019\/06\/Casa-Interior-and-Francisco-Hita.jpg\" class=\"attachment-full size-full\" alt=\"Chef Francisco Hita en Casa Interior\" srcset=\"https:\/\/casa-interior.com\/wp-content\/uploads\/2019\/06\/Casa-Interior-and-Francisco-Hita-200x118.jpg 200w, https:\/\/casa-interior.com\/wp-content\/uploads\/2019\/06\/Casa-Interior-and-Francisco-Hita-400x236.jpg 400w, https:\/\/casa-interior.com\/wp-content\/uploads\/2019\/06\/Casa-Interior-and-Francisco-Hita-600x353.jpg 600w, https:\/\/casa-interior.com\/wp-content\/uploads\/2019\/06\/Casa-Interior-and-Francisco-Hita-800x471.jpg 800w, https:\/\/casa-interior.com\/wp-content\/uploads\/2019\/06\/Casa-Interior-and-Francisco-Hita-1200x707.jpg 1200w, https:\/\/casa-interior.com\/wp-content\/uploads\/2019\/06\/Casa-Interior-and-Francisco-Hita.jpg 1280w\" sizes=\"(min-width: 2200px) 100vw, (min-width: 712px) 579px, (min-width: 640px) 712px, \" \/><\/a><\/div><\/div><\/div><div class=\"swiper-slide\"><div class=\"fusion-carousel-item-wrapper\"><div class=\"fusion-image-wrapper hover-type-none\"><a data-rel=\"iLightbox[image_carousel_1]\" data-title=\"Cooking Rak App\" aria-label=\"Cooking Rak App\" href=\"https:\/\/casa-interior.com\/wp-content\/uploads\/2019\/05\/Contraportada-Cooking-Rak.jpg\" target=\"_self\"><img decoding=\"async\" width=\"1280\" height=\"754\" src=\"https:\/\/casa-interior.com\/wp-content\/uploads\/2019\/05\/Contraportada-Cooking-Rak.jpg\" class=\"attachment-full size-full\" alt=\"Cooking Rak - Caracter\u00edsticas y especificaciones\" srcset=\"https:\/\/casa-interior.com\/wp-content\/uploads\/2019\/05\/Contraportada-Cooking-Rak-200x118.jpg 200w, https:\/\/casa-interior.com\/wp-content\/uploads\/2019\/05\/Contraportada-Cooking-Rak-400x236.jpg 400w, https:\/\/casa-interior.com\/wp-content\/uploads\/2019\/05\/Contraportada-Cooking-Rak-600x353.jpg 600w, https:\/\/casa-interior.com\/wp-content\/uploads\/2019\/05\/Contraportada-Cooking-Rak-800x471.jpg 800w, https:\/\/casa-interior.com\/wp-content\/uploads\/2019\/05\/Contraportada-Cooking-Rak-1200x707.jpg 1200w, https:\/\/casa-interior.com\/wp-content\/uploads\/2019\/05\/Contraportada-Cooking-Rak.jpg 1280w\" sizes=\"(min-width: 2200px) 100vw, (min-width: 712px) 579px, (min-width: 640px) 712px, \" \/><\/a><\/div><\/div><\/div><div class=\"swiper-slide\"><div class=\"fusion-carousel-item-wrapper\"><div class=\"fusion-image-wrapper hover-type-none\"><a data-rel=\"iLightbox[image_carousel_1]\" data-title=\"Cooking Rak &#8211; Fideua in Casa Interior\" aria-label=\"Cooking Rak &#8211; Fideua in Casa Interior\" href=\"https:\/\/casa-interior.com\/wp-content\/uploads\/2019\/06\/Cooking-Rak-Fideua-in-Casa-Interior.jpg\" target=\"_self\"><img decoding=\"async\" width=\"1280\" height=\"754\" src=\"https:\/\/casa-interior.com\/wp-content\/uploads\/2019\/06\/Cooking-Rak-Fideua-in-Casa-Interior.jpg\" class=\"attachment-full size-full\" alt=\"Cooking Rak en Casa Interior - Fideu\u00e1\" srcset=\"https:\/\/casa-interior.com\/wp-content\/uploads\/2019\/06\/Cooking-Rak-Fideua-in-Casa-Interior-200x118.jpg 200w, https:\/\/casa-interior.com\/wp-content\/uploads\/2019\/06\/Cooking-Rak-Fideua-in-Casa-Interior-400x236.jpg 400w, https:\/\/casa-interior.com\/wp-content\/uploads\/2019\/06\/Cooking-Rak-Fideua-in-Casa-Interior-600x353.jpg 600w, https:\/\/casa-interior.com\/wp-content\/uploads\/2019\/06\/Cooking-Rak-Fideua-in-Casa-Interior-800x471.jpg 800w, https:\/\/casa-interior.com\/wp-content\/uploads\/2019\/06\/Cooking-Rak-Fideua-in-Casa-Interior-1200x707.jpg 1200w, https:\/\/casa-interior.com\/wp-content\/uploads\/2019\/06\/Cooking-Rak-Fideua-in-Casa-Interior.jpg 1280w\" sizes=\"(min-width: 2200px) 100vw, (min-width: 712px) 579px, (min-width: 640px) 712px, \" \/><\/a><\/div><\/div><\/div><div class=\"swiper-slide\"><div class=\"fusion-carousel-item-wrapper\"><div class=\"fusion-image-wrapper hover-type-none\"><a data-rel=\"iLightbox[image_carousel_1]\" data-title=\"Cooking Rak &#8211; Cutting chicken in the worktop\" aria-label=\"Cooking Rak &#8211; Cutting chicken in the worktop\" href=\"https:\/\/casa-interior.com\/wp-content\/uploads\/2019\/06\/Cooking-Rak-Cutting-chicken-in-the-worktop.jpg\" target=\"_self\"><img decoding=\"async\" width=\"1280\" height=\"754\" src=\"https:\/\/casa-interior.com\/wp-content\/uploads\/2019\/06\/Cooking-Rak-Cutting-chicken-in-the-worktop.jpg\" class=\"attachment-full size-full\" alt=\"Chef Francisco Hita cortando pollo en la encimera de Cooking Rak en Casa Interior\" srcset=\"https:\/\/casa-interior.com\/wp-content\/uploads\/2019\/06\/Cooking-Rak-Cutting-chicken-in-the-worktop-200x118.jpg 200w, https:\/\/casa-interior.com\/wp-content\/uploads\/2019\/06\/Cooking-Rak-Cutting-chicken-in-the-worktop-400x236.jpg 400w, https:\/\/casa-interior.com\/wp-content\/uploads\/2019\/06\/Cooking-Rak-Cutting-chicken-in-the-worktop-600x353.jpg 600w, https:\/\/casa-interior.com\/wp-content\/uploads\/2019\/06\/Cooking-Rak-Cutting-chicken-in-the-worktop-800x471.jpg 800w, https:\/\/casa-interior.com\/wp-content\/uploads\/2019\/06\/Cooking-Rak-Cutting-chicken-in-the-worktop-1200x707.jpg 1200w, https:\/\/casa-interior.com\/wp-content\/uploads\/2019\/06\/Cooking-Rak-Cutting-chicken-in-the-worktop.jpg 1280w\" sizes=\"(min-width: 2200px) 100vw, (min-width: 712px) 579px, (min-width: 640px) 712px, \" \/><\/a><\/div><\/div><\/div><\/div><div class=\"awb-swiper-button awb-swiper-button-prev\"><i class=\"awb-icon-angle-left\" aria-hidden=\"true\"><\/i><\/div><div class=\"awb-swiper-button awb-swiper-button-next\"><i class=\"awb-icon-angle-right\" aria-hidden=\"true\"><\/i><\/div><\/div><\/div><div class=\"fusion-sep-clear\"><\/div><div class=\"fusion-separator fusion-full-width-sep\" style=\"margin-left: auto;margin-right: auto;margin-top:50px;width:100%;\"><\/div><div class=\"fusion-sep-clear\"><\/div><div class=\"fusion-text fusion-text-2\"><p><span class=\"fusion-dropcap dropcap dropcap-boxed\" style=\"--awb-border-radius:50%;\">L<\/span>a semana pasado tuvimos el placer de tener en nuestra tienda de Casa Interior en Altea al Chef Francisco Hita, el chef ejecutivo de Cooking Rak. Pasamos un gran d\u00eda probando el magn\u00edfico men\u00fa dise\u00f1ado por \u00e9l y preparado en la placa de inducci\u00f3n integrada en la encimera de Cooking Rak.<\/p>\n<p>Nos deleit\u00f3 con una fideu\u00e1 de pescado, un entrec\u00f4te de ternera, pechugas de pollo fileteadas y una muy buena salsa de nata y champi\u00f1ones. Adem\u00e1s, aprendimos mucho del funcionamiento de la nueva encimera con inducci\u00f3n integrada de Cooking Rak. Siguiendo este <a href=\"https:\/\/casa-interior.com\/es\/2018\/10\/18\/cooking-rak-la-encimera-inteligente\/\">enlace<\/a> pod\u00e9is ver el funcionamiento y las posibilidades de uso de esta encimera, que destaca, sobretodo, por su funcionalidad.<\/p>\n<p>Queremos agradecer al Chef Francisco Hita por su esfuerzo y simpat\u00eda.<\/p>\n<p>Preg\u00fantennos si quieren saber m\u00e1s acerca de como funciona y de los diferentes dise\u00f1os de encimera que pueden encontrar en nuestra tienda para dise\u00f1ar si pr\u00f3xima cocina.<\/p>\n<\/div><div class=\"fusion-sep-clear\"><\/div><div class=\"fusion-separator fusion-full-width-sep\" style=\"margin-left: auto;margin-right: auto;margin-top:50px;width:100%;\"><\/div><div class=\"fusion-sep-clear\"><\/div><div class=\"fusion-video fusion-youtube\" style=\"--awb-max-width:600px;--awb-max-height:360px;\"><div class=\"video-shortcode\"><div class=\"fluid-width-video-wrapper\" style=\"padding-top:60%;\" ><iframe title=\"YouTube video player 1\" src=\"https:\/\/www.youtube.com\/embed\/ahXVcutG5-E?wmode=transparent&autoplay=0&amp;rel=0\" width=\"600\" height=\"360\" allowfullscreen allow=\"autoplay; clipboard-write; encrypted-media; gyroscope; picture-in-picture;\"><\/iframe><\/div><\/div><\/div><div class=\"fusion-clearfix\"><\/div><\/div><\/div><\/div><\/div>\n","protected":false},"excerpt":{"rendered":"<p>La semana pasado tuvimos el placer de tener en nuestra tienda de Casa Interior en Altea al Chef Francisco Hita, el chef ejecutivo de Cooking Rak. Pasamos un gran d\u00eda probando el magn\u00edfico men\u00fa dise\u00f1ado por \u00e9l y preparado en la placa de inducci\u00f3n integrada en la encimera de Cooking Rak.<\/p>\n","protected":false},"author":1,"featured_media":20599,"comment_status":"open","ping_status":"open","sticky":false,"template":"","format":"standard","meta":{"footnotes":""},"categories":[1362,1349],"tags":[171,1372,1353,1363,1366,1344,926,1804,1368,1371,1369,1367,1354,1370],"class_list":["post-20537","post","type-post","status-publish","format-standard","has-post-thumbnail","hentry","category-creativo","category-noticias","tag-casa-interior","tag-control-remoto","tag-cooking","tag-diseno","tag-encimera","tag-encimeras","tag-exposicion","tag-francisco-hita","tag-induccion","tag-integrada","tag-inteligente","tag-placa","tag-rak","tag-revolucionario"],"yoast_head":"<!-- This site is optimized with the Yoast SEO plugin v27.3 - https:\/\/yoast.com\/product\/yoast-seo-wordpress\/ -->\n<title>Casa Interior - Blog - Junio 2019 - Cooking Rak - Cooking Rak en Casa Interior<\/title>\n<meta name=\"robots\" content=\"index, follow, max-snippet:-1, max-image-preview:large, max-video-preview:-1\" \/>\n<link rel=\"canonical\" href=\"https:\/\/casa-interior.com\/es\/2019\/06\/08\/cooking-rak-en-casa-interior\/\" \/>\n<meta property=\"og:locale\" content=\"es_ES\" \/>\n<meta property=\"og:type\" content=\"article\" \/>\n<meta property=\"og:title\" content=\"Casa Interior - Blog - Junio 2019 - Cooking Rak - Cooking Rak en Casa Interior\" \/>\n<meta property=\"og:description\" content=\"La semana pasado tuvimos el placer de tener en nuestra tienda de Casa Interior en Altea al Chef Francisco Hita, el chef ejecutivo de Cooking Rak. Pasamos un gran d\u00eda probando el magn\u00edfico men\u00fa dise\u00f1ado por \u00e9l y preparado en la placa de inducci\u00f3n integrada en la encimera de Cooking Rak.\" \/>\n<meta property=\"og:url\" content=\"https:\/\/casa-interior.com\/es\/2019\/06\/08\/cooking-rak-en-casa-interior\/\" \/>\n<meta property=\"og:site_name\" content=\"Casa Interior\" \/>\n<meta property=\"article:publisher\" content=\"https:\/\/www.facebook.com\/kitchens.costa.blanca\/\" \/>\n<meta property=\"article:published_time\" content=\"2019-06-08T08:16:17+00:00\" \/>\n<meta property=\"article:modified_time\" content=\"2019-07-09T14:27:47+00:00\" \/>\n<meta property=\"og:image\" content=\"https:\/\/casa-interior.com\/wp-content\/uploads\/2019\/06\/Casa-Interior-and-Francisco-Hita.jpg\" \/>\n\t<meta property=\"og:image:width\" content=\"1280\" \/>\n\t<meta property=\"og:image:height\" content=\"754\" \/>\n\t<meta property=\"og:image:type\" content=\"image\/jpeg\" \/>\n<meta name=\"author\" content=\"niribas\" \/>\n<meta name=\"twitter:card\" content=\"summary_large_image\" \/>\n<meta name=\"twitter:label1\" content=\"Escrito por\" \/>\n\t<meta name=\"twitter:data1\" content=\"niribas\" \/>\n\t<meta name=\"twitter:label2\" content=\"Tiempo de lectura\" \/>\n\t<meta name=\"twitter:data2\" content=\"3 minutos\" \/>\n<script type=\"application\/ld+json\" class=\"yoast-schema-graph\">{\"@context\":\"https:\\\/\\\/schema.org\",\"@graph\":[{\"@type\":\"Article\",\"@id\":\"https:\\\/\\\/casa-interior.com\\\/es\\\/2019\\\/06\\\/08\\\/cooking-rak-en-casa-interior\\\/#article\",\"isPartOf\":{\"@id\":\"https:\\\/\\\/casa-interior.com\\\/es\\\/2019\\\/06\\\/08\\\/cooking-rak-en-casa-interior\\\/\"},\"author\":{\"name\":\"niribas\",\"@id\":\"https:\\\/\\\/casa-interior.com\\\/es\\\/#\\\/schema\\\/person\\\/20abc876fea262dc8fb98de5c5028bab\"},\"headline\":\"Cooking Rak en Casa Interior\",\"datePublished\":\"2019-06-08T08:16:17+00:00\",\"dateModified\":\"2019-07-09T14:27:47+00:00\",\"mainEntityOfPage\":{\"@id\":\"https:\\\/\\\/casa-interior.com\\\/es\\\/2019\\\/06\\\/08\\\/cooking-rak-en-casa-interior\\\/\"},\"wordCount\":697,\"commentCount\":0,\"publisher\":{\"@id\":\"https:\\\/\\\/casa-interior.com\\\/es\\\/#organization\"},\"image\":{\"@id\":\"https:\\\/\\\/casa-interior.com\\\/es\\\/2019\\\/06\\\/08\\\/cooking-rak-en-casa-interior\\\/#primaryimage\"},\"thumbnailUrl\":\"https:\\\/\\\/casa-interior.com\\\/wp-content\\\/uploads\\\/2019\\\/06\\\/Casa-Interior-and-Francisco-Hita.jpg\",\"keywords\":[\"Casa Interior\",\"Control remoto\",\"Cooking\",\"Dise\u00f1o\",\"Encimera\",\"Encimeras\",\"exposici\u00f3n\",\"Francisco Hita\",\"Inducci\u00f3n\",\"Integrada\",\"Inteligente\",\"Placa\",\"Rak\",\"Revolucionario\"],\"articleSection\":[\"Creativo\",\"Noticias\"],\"inLanguage\":\"es\",\"potentialAction\":[{\"@type\":\"CommentAction\",\"name\":\"Comment\",\"target\":[\"https:\\\/\\\/casa-interior.com\\\/es\\\/2019\\\/06\\\/08\\\/cooking-rak-en-casa-interior\\\/#respond\"]}]},{\"@type\":\"WebPage\",\"@id\":\"https:\\\/\\\/casa-interior.com\\\/es\\\/2019\\\/06\\\/08\\\/cooking-rak-en-casa-interior\\\/\",\"url\":\"https:\\\/\\\/casa-interior.com\\\/es\\\/2019\\\/06\\\/08\\\/cooking-rak-en-casa-interior\\\/\",\"name\":\"Casa Interior - Blog - Junio 2019 - Cooking Rak - Cooking Rak en Casa Interior\",\"isPartOf\":{\"@id\":\"https:\\\/\\\/casa-interior.com\\\/es\\\/#website\"},\"primaryImageOfPage\":{\"@id\":\"https:\\\/\\\/casa-interior.com\\\/es\\\/2019\\\/06\\\/08\\\/cooking-rak-en-casa-interior\\\/#primaryimage\"},\"image\":{\"@id\":\"https:\\\/\\\/casa-interior.com\\\/es\\\/2019\\\/06\\\/08\\\/cooking-rak-en-casa-interior\\\/#primaryimage\"},\"thumbnailUrl\":\"https:\\\/\\\/casa-interior.com\\\/wp-content\\\/uploads\\\/2019\\\/06\\\/Casa-Interior-and-Francisco-Hita.jpg\",\"datePublished\":\"2019-06-08T08:16:17+00:00\",\"dateModified\":\"2019-07-09T14:27:47+00:00\",\"breadcrumb\":{\"@id\":\"https:\\\/\\\/casa-interior.com\\\/es\\\/2019\\\/06\\\/08\\\/cooking-rak-en-casa-interior\\\/#breadcrumb\"},\"inLanguage\":\"es\",\"potentialAction\":[{\"@type\":\"ReadAction\",\"target\":[\"https:\\\/\\\/casa-interior.com\\\/es\\\/2019\\\/06\\\/08\\\/cooking-rak-en-casa-interior\\\/\"]}]},{\"@type\":\"ImageObject\",\"inLanguage\":\"es\",\"@id\":\"https:\\\/\\\/casa-interior.com\\\/es\\\/2019\\\/06\\\/08\\\/cooking-rak-en-casa-interior\\\/#primaryimage\",\"url\":\"https:\\\/\\\/casa-interior.com\\\/wp-content\\\/uploads\\\/2019\\\/06\\\/Casa-Interior-and-Francisco-Hita.jpg\",\"contentUrl\":\"https:\\\/\\\/casa-interior.com\\\/wp-content\\\/uploads\\\/2019\\\/06\\\/Casa-Interior-and-Francisco-Hita.jpg\",\"width\":1280,\"height\":754,\"caption\":\"Casa Interior & Francisco Hita\"},{\"@type\":\"BreadcrumbList\",\"@id\":\"https:\\\/\\\/casa-interior.com\\\/es\\\/2019\\\/06\\\/08\\\/cooking-rak-en-casa-interior\\\/#breadcrumb\",\"itemListElement\":[{\"@type\":\"ListItem\",\"position\":1,\"name\":\"Portada\",\"item\":\"https:\\\/\\\/casa-interior.com\\\/es\\\/casa-interior\\\/\"},{\"@type\":\"ListItem\",\"position\":2,\"name\":\"Cooking Rak en Casa Interior\"}]},{\"@type\":\"WebSite\",\"@id\":\"https:\\\/\\\/casa-interior.com\\\/es\\\/#website\",\"url\":\"https:\\\/\\\/casa-interior.com\\\/es\\\/\",\"name\":\"Casa Interior\",\"description\":\"Kitchen Designers in Costa Blanca\",\"publisher\":{\"@id\":\"https:\\\/\\\/casa-interior.com\\\/es\\\/#organization\"},\"potentialAction\":[{\"@type\":\"SearchAction\",\"target\":{\"@type\":\"EntryPoint\",\"urlTemplate\":\"https:\\\/\\\/casa-interior.com\\\/es\\\/?s={search_term_string}\"},\"query-input\":{\"@type\":\"PropertyValueSpecification\",\"valueRequired\":true,\"valueName\":\"search_term_string\"}}],\"inLanguage\":\"es\"},{\"@type\":\"Organization\",\"@id\":\"https:\\\/\\\/casa-interior.com\\\/es\\\/#organization\",\"name\":\"Casa Interior\",\"url\":\"https:\\\/\\\/casa-interior.com\\\/es\\\/\",\"logo\":{\"@type\":\"ImageObject\",\"inLanguage\":\"es\",\"@id\":\"https:\\\/\\\/casa-interior.com\\\/es\\\/#\\\/schema\\\/logo\\\/image\\\/\",\"url\":\"https:\\\/\\\/casa-interior.com\\\/wp-content\\\/uploads\\\/2018\\\/03\\\/Logo-Casa-Interior-nuevo-150px.png\",\"contentUrl\":\"https:\\\/\\\/casa-interior.com\\\/wp-content\\\/uploads\\\/2018\\\/03\\\/Logo-Casa-Interior-nuevo-150px.png\",\"width\":150,\"height\":150,\"caption\":\"Casa Interior\"},\"image\":{\"@id\":\"https:\\\/\\\/casa-interior.com\\\/es\\\/#\\\/schema\\\/logo\\\/image\\\/\"},\"sameAs\":[\"https:\\\/\\\/www.facebook.com\\\/kitchens.costa.blanca\\\/\",\"https:\\\/\\\/www.instagram.com\\\/casainterioraltea\"]},{\"@type\":\"Person\",\"@id\":\"https:\\\/\\\/casa-interior.com\\\/es\\\/#\\\/schema\\\/person\\\/20abc876fea262dc8fb98de5c5028bab\",\"name\":\"niribas\",\"image\":{\"@type\":\"ImageObject\",\"inLanguage\":\"es\",\"@id\":\"https:\\\/\\\/secure.gravatar.com\\\/avatar\\\/cb35377b7c77649f38257f3ba6dc37b9c641db662db8478298a0d0522c4224a9?s=96&d=mm&r=g\",\"url\":\"https:\\\/\\\/secure.gravatar.com\\\/avatar\\\/cb35377b7c77649f38257f3ba6dc37b9c641db662db8478298a0d0522c4224a9?s=96&d=mm&r=g\",\"contentUrl\":\"https:\\\/\\\/secure.gravatar.com\\\/avatar\\\/cb35377b7c77649f38257f3ba6dc37b9c641db662db8478298a0d0522c4224a9?s=96&d=mm&r=g\",\"caption\":\"niribas\"},\"url\":\"https:\\\/\\\/casa-interior.com\\\/es\\\/author\\\/niribas\\\/\"}]}<\/script>\n<!-- \/ Yoast SEO plugin. -->","yoast_head_json":{"title":"Casa Interior - Blog - Junio 2019 - Cooking Rak - Cooking Rak en Casa Interior","robots":{"index":"index","follow":"follow","max-snippet":"max-snippet:-1","max-image-preview":"max-image-preview:large","max-video-preview":"max-video-preview:-1"},"canonical":"https:\/\/casa-interior.com\/es\/2019\/06\/08\/cooking-rak-en-casa-interior\/","og_locale":"es_ES","og_type":"article","og_title":"Casa Interior - Blog - Junio 2019 - Cooking Rak - Cooking Rak en Casa Interior","og_description":"La semana pasado tuvimos el placer de tener en nuestra tienda de Casa Interior en Altea al Chef Francisco Hita, el chef ejecutivo de Cooking Rak. Pasamos un gran d\u00eda probando el magn\u00edfico men\u00fa dise\u00f1ado por \u00e9l y preparado en la placa de inducci\u00f3n integrada en la encimera de Cooking Rak.","og_url":"https:\/\/casa-interior.com\/es\/2019\/06\/08\/cooking-rak-en-casa-interior\/","og_site_name":"Casa Interior","article_publisher":"https:\/\/www.facebook.com\/kitchens.costa.blanca\/","article_published_time":"2019-06-08T08:16:17+00:00","article_modified_time":"2019-07-09T14:27:47+00:00","og_image":[{"width":1280,"height":754,"url":"https:\/\/casa-interior.com\/wp-content\/uploads\/2019\/06\/Casa-Interior-and-Francisco-Hita.jpg","type":"image\/jpeg"}],"author":"niribas","twitter_card":"summary_large_image","twitter_misc":{"Escrito por":"niribas","Tiempo de lectura":"3 minutos"},"schema":{"@context":"https:\/\/schema.org","@graph":[{"@type":"Article","@id":"https:\/\/casa-interior.com\/es\/2019\/06\/08\/cooking-rak-en-casa-interior\/#article","isPartOf":{"@id":"https:\/\/casa-interior.com\/es\/2019\/06\/08\/cooking-rak-en-casa-interior\/"},"author":{"name":"niribas","@id":"https:\/\/casa-interior.com\/es\/#\/schema\/person\/20abc876fea262dc8fb98de5c5028bab"},"headline":"Cooking Rak en Casa Interior","datePublished":"2019-06-08T08:16:17+00:00","dateModified":"2019-07-09T14:27:47+00:00","mainEntityOfPage":{"@id":"https:\/\/casa-interior.com\/es\/2019\/06\/08\/cooking-rak-en-casa-interior\/"},"wordCount":697,"commentCount":0,"publisher":{"@id":"https:\/\/casa-interior.com\/es\/#organization"},"image":{"@id":"https:\/\/casa-interior.com\/es\/2019\/06\/08\/cooking-rak-en-casa-interior\/#primaryimage"},"thumbnailUrl":"https:\/\/casa-interior.com\/wp-content\/uploads\/2019\/06\/Casa-Interior-and-Francisco-Hita.jpg","keywords":["Casa Interior","Control remoto","Cooking","Dise\u00f1o","Encimera","Encimeras","exposici\u00f3n","Francisco Hita","Inducci\u00f3n","Integrada","Inteligente","Placa","Rak","Revolucionario"],"articleSection":["Creativo","Noticias"],"inLanguage":"es","potentialAction":[{"@type":"CommentAction","name":"Comment","target":["https:\/\/casa-interior.com\/es\/2019\/06\/08\/cooking-rak-en-casa-interior\/#respond"]}]},{"@type":"WebPage","@id":"https:\/\/casa-interior.com\/es\/2019\/06\/08\/cooking-rak-en-casa-interior\/","url":"https:\/\/casa-interior.com\/es\/2019\/06\/08\/cooking-rak-en-casa-interior\/","name":"Casa Interior - Blog - Junio 2019 - Cooking Rak - Cooking Rak en Casa Interior","isPartOf":{"@id":"https:\/\/casa-interior.com\/es\/#website"},"primaryImageOfPage":{"@id":"https:\/\/casa-interior.com\/es\/2019\/06\/08\/cooking-rak-en-casa-interior\/#primaryimage"},"image":{"@id":"https:\/\/casa-interior.com\/es\/2019\/06\/08\/cooking-rak-en-casa-interior\/#primaryimage"},"thumbnailUrl":"https:\/\/casa-interior.com\/wp-content\/uploads\/2019\/06\/Casa-Interior-and-Francisco-Hita.jpg","datePublished":"2019-06-08T08:16:17+00:00","dateModified":"2019-07-09T14:27:47+00:00","breadcrumb":{"@id":"https:\/\/casa-interior.com\/es\/2019\/06\/08\/cooking-rak-en-casa-interior\/#breadcrumb"},"inLanguage":"es","potentialAction":[{"@type":"ReadAction","target":["https:\/\/casa-interior.com\/es\/2019\/06\/08\/cooking-rak-en-casa-interior\/"]}]},{"@type":"ImageObject","inLanguage":"es","@id":"https:\/\/casa-interior.com\/es\/2019\/06\/08\/cooking-rak-en-casa-interior\/#primaryimage","url":"https:\/\/casa-interior.com\/wp-content\/uploads\/2019\/06\/Casa-Interior-and-Francisco-Hita.jpg","contentUrl":"https:\/\/casa-interior.com\/wp-content\/uploads\/2019\/06\/Casa-Interior-and-Francisco-Hita.jpg","width":1280,"height":754,"caption":"Casa Interior & Francisco Hita"},{"@type":"BreadcrumbList","@id":"https:\/\/casa-interior.com\/es\/2019\/06\/08\/cooking-rak-en-casa-interior\/#breadcrumb","itemListElement":[{"@type":"ListItem","position":1,"name":"Portada","item":"https:\/\/casa-interior.com\/es\/casa-interior\/"},{"@type":"ListItem","position":2,"name":"Cooking Rak en Casa Interior"}]},{"@type":"WebSite","@id":"https:\/\/casa-interior.com\/es\/#website","url":"https:\/\/casa-interior.com\/es\/","name":"Casa Interior","description":"Kitchen Designers in Costa Blanca","publisher":{"@id":"https:\/\/casa-interior.com\/es\/#organization"},"potentialAction":[{"@type":"SearchAction","target":{"@type":"EntryPoint","urlTemplate":"https:\/\/casa-interior.com\/es\/?s={search_term_string}"},"query-input":{"@type":"PropertyValueSpecification","valueRequired":true,"valueName":"search_term_string"}}],"inLanguage":"es"},{"@type":"Organization","@id":"https:\/\/casa-interior.com\/es\/#organization","name":"Casa Interior","url":"https:\/\/casa-interior.com\/es\/","logo":{"@type":"ImageObject","inLanguage":"es","@id":"https:\/\/casa-interior.com\/es\/#\/schema\/logo\/image\/","url":"https:\/\/casa-interior.com\/wp-content\/uploads\/2018\/03\/Logo-Casa-Interior-nuevo-150px.png","contentUrl":"https:\/\/casa-interior.com\/wp-content\/uploads\/2018\/03\/Logo-Casa-Interior-nuevo-150px.png","width":150,"height":150,"caption":"Casa Interior"},"image":{"@id":"https:\/\/casa-interior.com\/es\/#\/schema\/logo\/image\/"},"sameAs":["https:\/\/www.facebook.com\/kitchens.costa.blanca\/","https:\/\/www.instagram.com\/casainterioraltea"]},{"@type":"Person","@id":"https:\/\/casa-interior.com\/es\/#\/schema\/person\/20abc876fea262dc8fb98de5c5028bab","name":"niribas","image":{"@type":"ImageObject","inLanguage":"es","@id":"https:\/\/secure.gravatar.com\/avatar\/cb35377b7c77649f38257f3ba6dc37b9c641db662db8478298a0d0522c4224a9?s=96&d=mm&r=g","url":"https:\/\/secure.gravatar.com\/avatar\/cb35377b7c77649f38257f3ba6dc37b9c641db662db8478298a0d0522c4224a9?s=96&d=mm&r=g","contentUrl":"https:\/\/secure.gravatar.com\/avatar\/cb35377b7c77649f38257f3ba6dc37b9c641db662db8478298a0d0522c4224a9?s=96&d=mm&r=g","caption":"niribas"},"url":"https:\/\/casa-interior.com\/es\/author\/niribas\/"}]}},"_links":{"self":[{"href":"https:\/\/casa-interior.com\/es\/wp-json\/wp\/v2\/posts\/20537","targetHints":{"allow":["GET"]}}],"collection":[{"href":"https:\/\/casa-interior.com\/es\/wp-json\/wp\/v2\/posts"}],"about":[{"href":"https:\/\/casa-interior.com\/es\/wp-json\/wp\/v2\/types\/post"}],"author":[{"embeddable":true,"href":"https:\/\/casa-interior.com\/es\/wp-json\/wp\/v2\/users\/1"}],"replies":[{"embeddable":true,"href":"https:\/\/casa-interior.com\/es\/wp-json\/wp\/v2\/comments?post=20537"}],"version-history":[{"count":0,"href":"https:\/\/casa-interior.com\/es\/wp-json\/wp\/v2\/posts\/20537\/revisions"}],"wp:featuredmedia":[{"embeddable":true,"href":"https:\/\/casa-interior.com\/es\/wp-json\/wp\/v2\/media\/20599"}],"wp:attachment":[{"href":"https:\/\/casa-interior.com\/es\/wp-json\/wp\/v2\/media?parent=20537"}],"wp:term":[{"taxonomy":"category","embeddable":true,"href":"https:\/\/casa-interior.com\/es\/wp-json\/wp\/v2\/categories?post=20537"},{"taxonomy":"post_tag","embeddable":true,"href":"https:\/\/casa-interior.com\/es\/wp-json\/wp\/v2\/tags?post=20537"}],"curies":[{"name":"wp","href":"https:\/\/api.w.org\/{rel}","templated":true}]}}