{"id":20696,"date":"2019-07-01T12:00:08","date_gmt":"2019-07-01T10:00:08","guid":{"rendered":"https:\/\/casa-interior.com\/?p=20696"},"modified":"2020-03-27T11:37:16","modified_gmt":"2020-03-27T10:37:16","slug":"kronos-la-nueva-puerta-de-arredo3","status":"publish","type":"post","link":"https:\/\/casa-interior.com\/es\/2019\/07\/01\/kronos-la-nueva-puerta-de-arredo3\/","title":{"rendered":"Kronos: La Nueva Puerta de Arredo3"},"content":{"rendered":"<p><div class=\"fusion-fullwidth fullwidth-box fusion-builder-row-1 nonhundred-percent-fullwidth non-hundred-percent-height-scrolling\" style=\"--awb-background-position:left top;--awb-border-radius-top-left:0px;--awb-border-radius-top-right:0px;--awb-border-radius-bottom-right:0px;--awb-border-radius-bottom-left:0px;--awb-padding-top:20px;--awb-padding-bottom:20px;--awb-border-sizes-top:0px;--awb-border-sizes-bottom:0px;--awb-flex-wrap:wrap;\" ><div class=\"fusion-builder-row fusion-row\"><div class=\"fusion-layout-column fusion_builder_column fusion-builder-column-0 fusion_builder_column_1_1 1_1 fusion-one-full fusion-column-first fusion-column-last\" style=\"--awb-padding-right:10%;--awb-padding-left:10%;--awb-bg-size:cover;\"><div class=\"fusion-column-wrapper fusion-flex-column-wrapper-legacy\"><div class=\"fusion-title title fusion-title-1 fusion-sep-none fusion-title-center fusion-title-text fusion-title-size-one\" style=\"--awb-margin-top-small:0px;--awb-margin-right-small:0px;--awb-margin-bottom-small:20px;--awb-margin-left-small:0px;\"><h1 class=\"fusion-title-heading title-heading-center fusion-responsive-typography-calculated\" style=\"margin:0;--fontSize:70;line-height:1.4;\"><h1 style=\"font-size: 50px; font-weight: 500;\">Arredo3 presenta la nueva colecci\u00f3n de cocina: Kronos.<\/h1><\/h1><\/div><div class=\"fusion-image-element fusion-image-align-center in-legacy-container\" style=\"text-align:center;--awb-caption-title-font-family:var(--h2_typography-font-family);--awb-caption-title-font-weight:var(--h2_typography-font-weight);--awb-caption-title-font-style:var(--h2_typography-font-style);--awb-caption-title-size:var(--h2_typography-font-size);--awb-caption-title-transform:var(--h2_typography-text-transform);--awb-caption-title-line-height:var(--h2_typography-line-height);--awb-caption-title-letter-spacing:var(--h2_typography-letter-spacing);\"><div class=\"imageframe-align-center\"><span class=\" fusion-imageframe imageframe-none imageframe-1 hover-type-none\"><img decoding=\"async\" width=\"54\" height=\"60\" title=\"Separador-Casa-Interior\" src=\"https:\/\/casa-interior.com\/wp-content\/uploads\/2018\/03\/Separador-Casa-Interior-1.png\" alt class=\"img-responsive wp-image-11980\"\/><\/span><\/div><\/div><div class=\"fusion-sep-clear\"><\/div><div class=\"fusion-separator fusion-full-width-sep\" style=\"margin-left: auto;margin-right: auto;margin-top:20px;width:100%;\"><\/div><div class=\"fusion-sep-clear\"><\/div><div class=\"fusion-text fusion-text-1\"><p style=\"font-weight: 16px; letter-spacing: 2px; text-align: center;\">Noticias Casa Interior \u2022 \u00a0 Julio, 2019<\/p>\n<\/div><div class=\"fusion-sep-clear\"><\/div><div class=\"fusion-separator fusion-full-width-sep\" style=\"margin-left: auto;margin-right: auto;margin-top:50px;width:100%;\"><\/div><div class=\"fusion-sep-clear\"><\/div><div class=\"fusion-clearfix\"><\/div><\/div><\/div><\/div><\/div><div class=\"fusion-fullwidth fullwidth-box fusion-builder-row-2 nonhundred-percent-fullwidth non-hundred-percent-height-scrolling\" style=\"--awb-border-radius-top-left:0px;--awb-border-radius-top-right:0px;--awb-border-radius-bottom-right:0px;--awb-border-radius-bottom-left:0px;--awb-flex-wrap:wrap;\" ><div class=\"fusion-builder-row fusion-row\"><div class=\"fusion-layout-column fusion_builder_column fusion-builder-column-1 fusion_builder_column_1_1 1_1 fusion-one-full fusion-column-first fusion-column-last\" style=\"--awb-bg-size:cover;\"><div class=\"fusion-column-wrapper fusion-flex-column-wrapper-legacy\"><div class=\"fusion-title title fusion-title-2 fusion-sep-none fusion-title-center fusion-title-text fusion-title-size-four\" style=\"--awb-margin-top-small:0px;--awb-margin-right-small:0px;--awb-margin-bottom-small:20px;--awb-margin-left-small:0px;\"><h4 class=\"fusion-title-heading title-heading-center fusion-responsive-typography-calculated\" style=\"margin:0;--fontSize:30;line-height:1.5;\">Un proyecto avanzado capaz de combinar caracter\u00edsticas t\u00e9cnicas avanzadas y materiales de primera calidad para crear ambientes que superan la prueba del tiempo.<\/h4><\/div><div class=\"fusion-sep-clear\"><\/div><div class=\"fusion-separator fusion-full-width-sep\" style=\"margin-left: auto;margin-right: auto;margin-top:50px;width:100%;\"><\/div><div class=\"fusion-sep-clear\"><\/div><div class=\"fusion-text fusion-text-2\"><p>Puerta con marco:<br \/>\nLa puerta de la colecci\u00f3n <a href=\"https:\/\/casa-interior.com\/es\/portfolio-items\/arredo3-kronos\/\" target=\"_blank\" rel=\"noopener noreferrer\">Kronos <\/a>se caracteriza por el marco de aluminio pintado en titanio con panel de laminado, HPL, Fenix-NTM\u00ae, madera, vidrio o <a href=\"http:\/\/www.laminam.it\/es\/home\/\" target=\"_blank\" rel=\"noopener noreferrer\">Laminam<\/a>. Ligera y pr\u00e1ctica, la puerta se puede abrir f\u00e1cilmente gracias al tirador integrado en la parte superior o inferior.<\/p>\n<p>Carcase:<br \/>\nThe doors comprise an extruded aluminium frame with an integrated handle.<\/p>\n<p>Materials:<br \/>\nFrom classic laminate to innovative Laminam, panels are available in 6 different materials.<\/p>\n<\/div><div class=\"fusion-sep-clear\"><\/div><div class=\"fusion-separator fusion-full-width-sep\" style=\"margin-left: auto;margin-right: auto;margin-top:50px;width:100%;\"><\/div><div class=\"fusion-sep-clear\"><\/div><div class=\"fusion-image-carousel fusion-image-carousel-auto fusion-image-carousel-1 fusion-carousel-border\"><div class=\"awb-carousel awb-swiper awb-swiper-carousel awb-carousel--carousel awb-swiper-dots-position-bottom\" data-layout=\"carousel\" data-autoplay=\"yes\" data-autoplayspeed=\"2500\" data-autoplaypause=\"no\" data-columns=\"1\" data-columnsmedium=\"1\" data-columnssmall=\"1\" data-itemmargin=\"13\" data-itemwidth=\"180\" data-touchscroll=\"no\" data-freemode=\"no\" data-imagesize=\"auto\" data-scrollitems=\"0\" data-centeredslides=\"no\" data-rotationangle=\"50\" data-depth=\"100\" data-speed=\"500\" data-shadow=\"no\" data-pagination=\"bullets\" style=\"--awb-columns:1;--awb-border-width:1px;--awb-border-color:#e9eaee;\"><div class=\"swiper-wrapper awb-image-carousel-wrapper fusion-flex-align-items-center\"><div class=\"swiper-slide\"><div class=\"fusion-carousel-item-wrapper\"><div class=\"fusion-image-wrapper hover-type-none\"><img decoding=\"async\" width=\"1280\" height=\"754\" src=\"https:\/\/casa-interior.com\/wp-content\/uploads\/2019\/05\/Arredo3-Kronos-Model-1-1.jpg\" class=\"attachment-full size-full\" alt=\"Arredo3 Cocina Moderna Kronos\" srcset=\"https:\/\/casa-interior.com\/wp-content\/uploads\/2019\/05\/Arredo3-Kronos-Model-1-1-200x118.jpg 200w, https:\/\/casa-interior.com\/wp-content\/uploads\/2019\/05\/Arredo3-Kronos-Model-1-1-300x177.jpg 300w, https:\/\/casa-interior.com\/wp-content\/uploads\/2019\/05\/Arredo3-Kronos-Model-1-1-400x236.jpg 400w, https:\/\/casa-interior.com\/wp-content\/uploads\/2019\/05\/Arredo3-Kronos-Model-1-1-600x353.jpg 600w, https:\/\/casa-interior.com\/wp-content\/uploads\/2019\/05\/Arredo3-Kronos-Model-1-1-768x452.jpg 768w, https:\/\/casa-interior.com\/wp-content\/uploads\/2019\/05\/Arredo3-Kronos-Model-1-1-800x471.jpg 800w, https:\/\/casa-interior.com\/wp-content\/uploads\/2019\/05\/Arredo3-Kronos-Model-1-1-1024x603.jpg 1024w, https:\/\/casa-interior.com\/wp-content\/uploads\/2019\/05\/Arredo3-Kronos-Model-1-1-1200x707.jpg 1200w, https:\/\/casa-interior.com\/wp-content\/uploads\/2019\/05\/Arredo3-Kronos-Model-1-1.jpg 1280w\" sizes=\"(max-width: 1280px) 100vw, 1280px\" \/><\/div><\/div><\/div><div class=\"swiper-slide\"><div class=\"fusion-carousel-item-wrapper\"><div class=\"fusion-image-wrapper hover-type-none\"><img decoding=\"async\" width=\"1280\" height=\"754\" src=\"https:\/\/casa-interior.com\/wp-content\/uploads\/2019\/05\/Arredo3-Kronos-Model-2-1.jpg\" class=\"attachment-full size-full\" alt=\"Arredo3 Cocina Moderna Kronos\" srcset=\"https:\/\/casa-interior.com\/wp-content\/uploads\/2019\/05\/Arredo3-Kronos-Model-2-1-200x118.jpg 200w, https:\/\/casa-interior.com\/wp-content\/uploads\/2019\/05\/Arredo3-Kronos-Model-2-1-300x177.jpg 300w, https:\/\/casa-interior.com\/wp-content\/uploads\/2019\/05\/Arredo3-Kronos-Model-2-1-400x236.jpg 400w, https:\/\/casa-interior.com\/wp-content\/uploads\/2019\/05\/Arredo3-Kronos-Model-2-1-600x353.jpg 600w, https:\/\/casa-interior.com\/wp-content\/uploads\/2019\/05\/Arredo3-Kronos-Model-2-1-768x452.jpg 768w, https:\/\/casa-interior.com\/wp-content\/uploads\/2019\/05\/Arredo3-Kronos-Model-2-1-800x471.jpg 800w, https:\/\/casa-interior.com\/wp-content\/uploads\/2019\/05\/Arredo3-Kronos-Model-2-1-1024x603.jpg 1024w, https:\/\/casa-interior.com\/wp-content\/uploads\/2019\/05\/Arredo3-Kronos-Model-2-1-1200x707.jpg 1200w, https:\/\/casa-interior.com\/wp-content\/uploads\/2019\/05\/Arredo3-Kronos-Model-2-1.jpg 1280w\" sizes=\"(max-width: 1280px) 100vw, 1280px\" \/><\/div><\/div><\/div><div class=\"swiper-slide\"><div class=\"fusion-carousel-item-wrapper\"><div class=\"fusion-image-wrapper hover-type-none\"><img decoding=\"async\" width=\"1280\" height=\"754\" src=\"https:\/\/casa-interior.com\/wp-content\/uploads\/2019\/05\/Arredo3-Kronos-Model-3-1.jpg\" class=\"attachment-full size-full\" alt=\"Arredo3 Cocina Moderna Kronos\" srcset=\"https:\/\/casa-interior.com\/wp-content\/uploads\/2019\/05\/Arredo3-Kronos-Model-3-1-200x118.jpg 200w, https:\/\/casa-interior.com\/wp-content\/uploads\/2019\/05\/Arredo3-Kronos-Model-3-1-300x177.jpg 300w, https:\/\/casa-interior.com\/wp-content\/uploads\/2019\/05\/Arredo3-Kronos-Model-3-1-400x236.jpg 400w, https:\/\/casa-interior.com\/wp-content\/uploads\/2019\/05\/Arredo3-Kronos-Model-3-1-600x353.jpg 600w, https:\/\/casa-interior.com\/wp-content\/uploads\/2019\/05\/Arredo3-Kronos-Model-3-1-768x452.jpg 768w, https:\/\/casa-interior.com\/wp-content\/uploads\/2019\/05\/Arredo3-Kronos-Model-3-1-800x471.jpg 800w, https:\/\/casa-interior.com\/wp-content\/uploads\/2019\/05\/Arredo3-Kronos-Model-3-1-1024x603.jpg 1024w, https:\/\/casa-interior.com\/wp-content\/uploads\/2019\/05\/Arredo3-Kronos-Model-3-1-1200x707.jpg 1200w, https:\/\/casa-interior.com\/wp-content\/uploads\/2019\/05\/Arredo3-Kronos-Model-3-1.jpg 1280w\" sizes=\"(max-width: 1280px) 100vw, 1280px\" \/><\/div><\/div><\/div><div class=\"swiper-slide\"><div class=\"fusion-carousel-item-wrapper\"><div class=\"fusion-image-wrapper hover-type-none\"><img decoding=\"async\" width=\"1280\" height=\"754\" src=\"https:\/\/casa-interior.com\/wp-content\/uploads\/2019\/05\/Arredo3-Kronos-Model-4-1.jpg\" class=\"attachment-full size-full\" alt=\"Arredo3 Cocina Moderna Kronos\" srcset=\"https:\/\/casa-interior.com\/wp-content\/uploads\/2019\/05\/Arredo3-Kronos-Model-4-1-200x118.jpg 200w, https:\/\/casa-interior.com\/wp-content\/uploads\/2019\/05\/Arredo3-Kronos-Model-4-1-300x177.jpg 300w, https:\/\/casa-interior.com\/wp-content\/uploads\/2019\/05\/Arredo3-Kronos-Model-4-1-400x236.jpg 400w, https:\/\/casa-interior.com\/wp-content\/uploads\/2019\/05\/Arredo3-Kronos-Model-4-1-600x353.jpg 600w, https:\/\/casa-interior.com\/wp-content\/uploads\/2019\/05\/Arredo3-Kronos-Model-4-1-768x452.jpg 768w, https:\/\/casa-interior.com\/wp-content\/uploads\/2019\/05\/Arredo3-Kronos-Model-4-1-800x471.jpg 800w, https:\/\/casa-interior.com\/wp-content\/uploads\/2019\/05\/Arredo3-Kronos-Model-4-1-1024x603.jpg 1024w, https:\/\/casa-interior.com\/wp-content\/uploads\/2019\/05\/Arredo3-Kronos-Model-4-1-1200x707.jpg 1200w, https:\/\/casa-interior.com\/wp-content\/uploads\/2019\/05\/Arredo3-Kronos-Model-4-1.jpg 1280w\" sizes=\"(max-width: 1280px) 100vw, 1280px\" \/><\/div><\/div><\/div><div class=\"swiper-slide\"><div class=\"fusion-carousel-item-wrapper\"><div class=\"fusion-image-wrapper hover-type-none\"><img decoding=\"async\" width=\"1280\" height=\"754\" src=\"https:\/\/casa-interior.com\/wp-content\/uploads\/2019\/05\/Arredo3-Kronos-Model-5-1.jpg\" class=\"attachment-full size-full\" alt=\"Arredo3 Cocina Moderna Kronos\" srcset=\"https:\/\/casa-interior.com\/wp-content\/uploads\/2019\/05\/Arredo3-Kronos-Model-5-1-200x118.jpg 200w, https:\/\/casa-interior.com\/wp-content\/uploads\/2019\/05\/Arredo3-Kronos-Model-5-1-300x177.jpg 300w, https:\/\/casa-interior.com\/wp-content\/uploads\/2019\/05\/Arredo3-Kronos-Model-5-1-400x236.jpg 400w, https:\/\/casa-interior.com\/wp-content\/uploads\/2019\/05\/Arredo3-Kronos-Model-5-1-600x353.jpg 600w, https:\/\/casa-interior.com\/wp-content\/uploads\/2019\/05\/Arredo3-Kronos-Model-5-1-768x452.jpg 768w, https:\/\/casa-interior.com\/wp-content\/uploads\/2019\/05\/Arredo3-Kronos-Model-5-1-800x471.jpg 800w, https:\/\/casa-interior.com\/wp-content\/uploads\/2019\/05\/Arredo3-Kronos-Model-5-1-1024x603.jpg 1024w, https:\/\/casa-interior.com\/wp-content\/uploads\/2019\/05\/Arredo3-Kronos-Model-5-1-1200x707.jpg 1200w, https:\/\/casa-interior.com\/wp-content\/uploads\/2019\/05\/Arredo3-Kronos-Model-5-1.jpg 1280w\" sizes=\"(max-width: 1280px) 100vw, 1280px\" \/><\/div><\/div><\/div><div class=\"swiper-slide\"><div class=\"fusion-carousel-item-wrapper\"><div class=\"fusion-image-wrapper hover-type-none\"><img decoding=\"async\" width=\"1280\" height=\"754\" src=\"https:\/\/casa-interior.com\/wp-content\/uploads\/2019\/05\/Arredo3-Kronos-Model-6-1.jpg\" class=\"attachment-full size-full\" alt=\"Arredo3 Cocina Moderna Kronos\" srcset=\"https:\/\/casa-interior.com\/wp-content\/uploads\/2019\/05\/Arredo3-Kronos-Model-6-1-200x118.jpg 200w, https:\/\/casa-interior.com\/wp-content\/uploads\/2019\/05\/Arredo3-Kronos-Model-6-1-300x177.jpg 300w, https:\/\/casa-interior.com\/wp-content\/uploads\/2019\/05\/Arredo3-Kronos-Model-6-1-400x236.jpg 400w, https:\/\/casa-interior.com\/wp-content\/uploads\/2019\/05\/Arredo3-Kronos-Model-6-1-600x353.jpg 600w, https:\/\/casa-interior.com\/wp-content\/uploads\/2019\/05\/Arredo3-Kronos-Model-6-1-768x452.jpg 768w, https:\/\/casa-interior.com\/wp-content\/uploads\/2019\/05\/Arredo3-Kronos-Model-6-1-800x471.jpg 800w, https:\/\/casa-interior.com\/wp-content\/uploads\/2019\/05\/Arredo3-Kronos-Model-6-1-1024x603.jpg 1024w, https:\/\/casa-interior.com\/wp-content\/uploads\/2019\/05\/Arredo3-Kronos-Model-6-1-1200x707.jpg 1200w, https:\/\/casa-interior.com\/wp-content\/uploads\/2019\/05\/Arredo3-Kronos-Model-6-1.jpg 1280w\" sizes=\"(max-width: 1280px) 100vw, 1280px\" \/><\/div><\/div><\/div><\/div><div class=\"awb-swiper-button awb-swiper-button-prev\"><i class=\"awb-icon-angle-left\" aria-hidden=\"true\"><\/i><\/div><div class=\"awb-swiper-button awb-swiper-button-next\"><i class=\"awb-icon-angle-right\" aria-hidden=\"true\"><\/i><\/div><\/div><\/div><div class=\"fusion-sep-clear\"><\/div><div class=\"fusion-separator fusion-full-width-sep\" style=\"margin-left: auto;margin-right: auto;margin-top:50px;width:100%;\"><\/div><div class=\"fusion-sep-clear\"><\/div><div class=\"fusion-clearfix\"><\/div><\/div><\/div><div class=\"fusion-layout-column fusion_builder_column fusion-builder-column-2 fusion_builder_column_1_2 1_2 fusion-one-half fusion-column-first\" style=\"--awb-bg-size:cover;width:50%;width:calc(50% - ( ( 4% ) * 0.5 ) );margin-right: 4%;\"><div class=\"fusion-column-wrapper fusion-flex-column-wrapper-legacy\"><div class=\"fusion-title title fusion-title-3 fusion-sep-none fusion-title-center fusion-title-text fusion-title-size-four\" style=\"--awb-margin-top-small:0px;--awb-margin-right-small:0px;--awb-margin-bottom-small:20px;--awb-margin-left-small:0px;\"><h4 class=\"fusion-title-heading title-heading-center fusion-responsive-typography-calculated\" style=\"margin:0;--fontSize:30;line-height:1.5;\">Laminado<\/h4><\/div><div class=\"fusion-text fusion-text-3\"><p>Hay una gama ampl\u00edsima de tipos de laminados, y en los \u00faltimos a\u00f1os han tenido una enorme evoluci\u00f3n. Un ejemplo de laminado es el laminado estratificado. Destaca sobre todo por la gran dureza que adquiere la superficie. Los modelos de cocina laminados, son hoy en d\u00eda, los m\u00e1s utilizados. Las principales ventajas que ofrecen es la durabilidad de los tonos y los colores, ya que no se alteran con el paso del tiempo, gran resistencia al rayado, al impacto y al calor y su excelente impermeabilidad. Es es el material de mejor y f\u00e1cil mantenimiento y limpieza, y probablemente el de mayor durabilidad.<\/p>\n<\/div><div class=\"fusion-sep-clear\"><\/div><div class=\"fusion-separator fusion-full-width-sep\" style=\"margin-left: auto;margin-right: auto;margin-top:50px;width:100%;\"><\/div><div class=\"fusion-sep-clear\"><\/div><div class=\"fusion-clearfix\"><\/div><\/div><\/div><div class=\"fusion-layout-column fusion_builder_column fusion-builder-column-3 fusion_builder_column_1_2 1_2 fusion-one-half fusion-column-last\" style=\"--awb-bg-size:cover;width:50%;width:calc(50% - ( ( 4% ) * 0.5 ) );\"><div class=\"fusion-column-wrapper fusion-flex-column-wrapper-legacy\"><div class=\"fusion-image-element in-legacy-container\" style=\"--awb-caption-title-font-family:var(--h2_typography-font-family);--awb-caption-title-font-weight:var(--h2_typography-font-weight);--awb-caption-title-font-style:var(--h2_typography-font-style);--awb-caption-title-size:var(--h2_typography-font-size);--awb-caption-title-transform:var(--h2_typography-text-transform);--awb-caption-title-line-height:var(--h2_typography-line-height);--awb-caption-title-letter-spacing:var(--h2_typography-letter-spacing);\"><span class=\" fusion-imageframe imageframe-none imageframe-2 hover-type-none\"><a href=\"https:\/\/casa-interior.com\/wp-content\/uploads\/2019\/07\/Arredo3-Kronos-Laminated-1024x603.jpg\" class=\"fusion-lightbox\" data-rel=\"iLightbox[Arredo3 Kronos Materiales]\" data-title=\"Arredo3 Kronos Laminated\" title=\"Arredo3 Kronos Laminated\"><img decoding=\"async\" width=\"1024\" height=\"603\" alt=\"Arredo3 Cocina Moderna Kronos 2019 Laminado\" src=\"https:\/\/casa-interior.com\/wp-content\/uploads\/2019\/07\/Arredo3-Kronos-Laminated-1024x603.jpg\" class=\"img-responsive wp-image-20702\" srcset=\"https:\/\/casa-interior.com\/wp-content\/uploads\/2019\/07\/Arredo3-Kronos-Laminated-200x118.jpg 200w, https:\/\/casa-interior.com\/wp-content\/uploads\/2019\/07\/Arredo3-Kronos-Laminated-400x236.jpg 400w, https:\/\/casa-interior.com\/wp-content\/uploads\/2019\/07\/Arredo3-Kronos-Laminated-600x353.jpg 600w, https:\/\/casa-interior.com\/wp-content\/uploads\/2019\/07\/Arredo3-Kronos-Laminated-800x471.jpg 800w, https:\/\/casa-interior.com\/wp-content\/uploads\/2019\/07\/Arredo3-Kronos-Laminated-1200x707.jpg 1200w, https:\/\/casa-interior.com\/wp-content\/uploads\/2019\/07\/Arredo3-Kronos-Laminated.jpg 1280w\" sizes=\"(max-width: 800px) 100vw, 600px\" \/><\/a><\/span><\/div><div class=\"fusion-sep-clear\"><\/div><div class=\"fusion-separator fusion-full-width-sep\" style=\"margin-left: auto;margin-right: auto;margin-top:50px;width:100%;\"><\/div><div class=\"fusion-sep-clear\"><\/div><div class=\"fusion-clearfix\"><\/div><\/div><\/div><div class=\"fusion-layout-column fusion_builder_column fusion-builder-column-4 fusion_builder_column_1_2 1_2 fusion-one-half fusion-column-first\" style=\"--awb-bg-size:cover;width:50%;width:calc(50% - ( ( 4% ) * 0.5 ) );margin-right: 4%;\"><div class=\"fusion-column-wrapper fusion-flex-column-wrapper-legacy\"><div class=\"fusion-image-element in-legacy-container\" style=\"--awb-caption-title-font-family:var(--h2_typography-font-family);--awb-caption-title-font-weight:var(--h2_typography-font-weight);--awb-caption-title-font-style:var(--h2_typography-font-style);--awb-caption-title-size:var(--h2_typography-font-size);--awb-caption-title-transform:var(--h2_typography-text-transform);--awb-caption-title-line-height:var(--h2_typography-line-height);--awb-caption-title-letter-spacing:var(--h2_typography-letter-spacing);\"><span class=\" fusion-imageframe imageframe-none imageframe-3 hover-type-none\"><a href=\"https:\/\/casa-interior.com\/wp-content\/uploads\/2019\/07\/Arredo3-Kronos-Glass-Matt-1024x603.jpg\" class=\"fusion-lightbox\" data-rel=\"iLightbox[Arredo3 Kronos Materiales]\" data-title=\"Arredo3 Kronos Glass Matt\" title=\"Arredo3 Kronos Glass Matt\"><img decoding=\"async\" width=\"1024\" height=\"603\" alt=\"Arredo3 Cocina Moderna Kronos 2019 Vidrio\" src=\"https:\/\/casa-interior.com\/wp-content\/uploads\/2019\/07\/Arredo3-Kronos-Glass-Matt-1024x603.jpg\" class=\"img-responsive wp-image-20708\" srcset=\"https:\/\/casa-interior.com\/wp-content\/uploads\/2019\/07\/Arredo3-Kronos-Glass-Matt-200x118.jpg 200w, https:\/\/casa-interior.com\/wp-content\/uploads\/2019\/07\/Arredo3-Kronos-Glass-Matt-400x236.jpg 400w, https:\/\/casa-interior.com\/wp-content\/uploads\/2019\/07\/Arredo3-Kronos-Glass-Matt-600x353.jpg 600w, https:\/\/casa-interior.com\/wp-content\/uploads\/2019\/07\/Arredo3-Kronos-Glass-Matt-800x471.jpg 800w, https:\/\/casa-interior.com\/wp-content\/uploads\/2019\/07\/Arredo3-Kronos-Glass-Matt-1200x707.jpg 1200w, https:\/\/casa-interior.com\/wp-content\/uploads\/2019\/07\/Arredo3-Kronos-Glass-Matt.jpg 1280w\" sizes=\"(max-width: 800px) 100vw, 600px\" \/><\/a><\/span><\/div><div class=\"fusion-sep-clear\"><\/div><div class=\"fusion-separator fusion-full-width-sep\" style=\"margin-left: auto;margin-right: auto;margin-top:50px;width:100%;\"><\/div><div class=\"fusion-sep-clear\"><\/div><div class=\"fusion-clearfix\"><\/div><\/div><\/div><div class=\"fusion-layout-column fusion_builder_column fusion-builder-column-5 fusion_builder_column_1_2 1_2 fusion-one-half fusion-column-last\" style=\"--awb-bg-size:cover;width:50%;width:calc(50% - ( ( 4% ) * 0.5 ) );\"><div class=\"fusion-column-wrapper fusion-flex-column-wrapper-legacy\"><div class=\"fusion-title title fusion-title-4 fusion-sep-none fusion-title-center fusion-title-text fusion-title-size-four\" style=\"--awb-margin-top-small:0px;--awb-margin-right-small:0px;--awb-margin-bottom-small:20px;--awb-margin-left-small:0px;\"><h4 class=\"fusion-title-heading title-heading-center fusion-responsive-typography-calculated\" style=\"margin:0;--fontSize:30;line-height:1.5;\">Vidrio Mate<\/h4><\/div><div class=\"fusion-sep-clear\"><\/div><div class=\"fusion-separator fusion-full-width-sep\" style=\"margin-left: auto;margin-right: auto;margin-top:50px;width:100%;\"><\/div><div class=\"fusion-sep-clear\"><\/div><div class=\"fusion-clearfix\"><\/div><\/div><\/div><div class=\"fusion-layout-column fusion_builder_column fusion-builder-column-6 fusion_builder_column_1_2 1_2 fusion-one-half fusion-column-first\" style=\"--awb-bg-size:cover;width:50%;width:calc(50% - ( ( 4% ) * 0.5 ) );margin-right: 4%;\"><div class=\"fusion-column-wrapper fusion-flex-column-wrapper-legacy\"><div class=\"fusion-title title fusion-title-5 fusion-sep-none fusion-title-center fusion-title-text fusion-title-size-four\" style=\"--awb-margin-top-small:0px;--awb-margin-right-small:0px;--awb-margin-bottom-small:20px;--awb-margin-left-small:0px;\"><h4 class=\"fusion-title-heading title-heading-center fusion-responsive-typography-calculated\" style=\"margin:0;--fontSize:30;line-height:1.5;\">Laminado Maxximatt PET<\/h4><\/div><div class=\"fusion-text fusion-text-4\"><p>Son materiales reciclados PET (Tereftalato de polietileno, un tipo de pl\u00e1stico), una buena alternativa para los dise\u00f1os actuales, no solo por moda o porque se han convertido en tendencia, sino por sus caracter\u00edsticas de menor porosidad, alta resistencia a esfuerzos y al desgaste, f\u00e1cil limpieza y un tacto suave mate extraordinario.<\/p>\n<\/div><div class=\"fusion-sep-clear\"><\/div><div class=\"fusion-separator fusion-full-width-sep\" style=\"margin-left: auto;margin-right: auto;margin-top:50px;width:100%;\"><\/div><div class=\"fusion-sep-clear\"><\/div><div class=\"fusion-clearfix\"><\/div><\/div><\/div><div class=\"fusion-layout-column fusion_builder_column fusion-builder-column-7 fusion_builder_column_1_2 1_2 fusion-one-half fusion-column-last\" style=\"--awb-bg-size:cover;width:50%;width:calc(50% - ( ( 4% ) * 0.5 ) );\"><div class=\"fusion-column-wrapper fusion-flex-column-wrapper-legacy\"><div class=\"fusion-image-element in-legacy-container\" style=\"--awb-caption-title-font-family:var(--h2_typography-font-family);--awb-caption-title-font-weight:var(--h2_typography-font-weight);--awb-caption-title-font-style:var(--h2_typography-font-style);--awb-caption-title-size:var(--h2_typography-font-size);--awb-caption-title-transform:var(--h2_typography-text-transform);--awb-caption-title-line-height:var(--h2_typography-line-height);--awb-caption-title-letter-spacing:var(--h2_typography-letter-spacing);\"><span class=\" fusion-imageframe imageframe-none imageframe-4 hover-type-none\"><a href=\"https:\/\/casa-interior.com\/wp-content\/uploads\/2019\/07\/Arredo3-Kronos-Laminated-Maxximatt-PET-1024x603.jpg\" class=\"fusion-lightbox\" data-rel=\"iLightbox[Arredo3 Kronos Materiales]\" data-title=\"Arredo3 Kronos Laminated Maxximatt PET\" title=\"Arredo3 Kronos Laminated Maxximatt PET\"><img decoding=\"async\" width=\"1024\" height=\"603\" alt=\"Arredo3 Cocina Moderna Kronos 2019 Laminado Maxximatt PET\" src=\"https:\/\/casa-interior.com\/wp-content\/uploads\/2019\/07\/Arredo3-Kronos-Laminated-Maxximatt-PET-1024x603.jpg\" class=\"img-responsive wp-image-20700\" srcset=\"https:\/\/casa-interior.com\/wp-content\/uploads\/2019\/07\/Arredo3-Kronos-Laminated-Maxximatt-PET-200x118.jpg 200w, https:\/\/casa-interior.com\/wp-content\/uploads\/2019\/07\/Arredo3-Kronos-Laminated-Maxximatt-PET-400x236.jpg 400w, https:\/\/casa-interior.com\/wp-content\/uploads\/2019\/07\/Arredo3-Kronos-Laminated-Maxximatt-PET-600x353.jpg 600w, https:\/\/casa-interior.com\/wp-content\/uploads\/2019\/07\/Arredo3-Kronos-Laminated-Maxximatt-PET-800x471.jpg 800w, https:\/\/casa-interior.com\/wp-content\/uploads\/2019\/07\/Arredo3-Kronos-Laminated-Maxximatt-PET-1200x707.jpg 1200w, https:\/\/casa-interior.com\/wp-content\/uploads\/2019\/07\/Arredo3-Kronos-Laminated-Maxximatt-PET.jpg 1280w\" sizes=\"(max-width: 800px) 100vw, 600px\" \/><\/a><\/span><\/div><div class=\"fusion-sep-clear\"><\/div><div class=\"fusion-separator fusion-full-width-sep\" style=\"margin-left: auto;margin-right: auto;margin-top:50px;width:100%;\"><\/div><div class=\"fusion-sep-clear\"><\/div><div class=\"fusion-clearfix\"><\/div><\/div><\/div><div class=\"fusion-layout-column fusion_builder_column fusion-builder-column-8 fusion_builder_column_1_2 1_2 fusion-one-half fusion-column-first\" style=\"--awb-bg-size:cover;width:50%;width:calc(50% - ( ( 4% ) * 0.5 ) );margin-right: 4%;\"><div class=\"fusion-column-wrapper fusion-flex-column-wrapper-legacy\"><div class=\"fusion-image-element in-legacy-container\" style=\"--awb-caption-title-font-family:var(--h2_typography-font-family);--awb-caption-title-font-weight:var(--h2_typography-font-weight);--awb-caption-title-font-style:var(--h2_typography-font-style);--awb-caption-title-size:var(--h2_typography-font-size);--awb-caption-title-transform:var(--h2_typography-text-transform);--awb-caption-title-line-height:var(--h2_typography-line-height);--awb-caption-title-letter-spacing:var(--h2_typography-letter-spacing);\"><span class=\" fusion-imageframe imageframe-none imageframe-5 hover-type-none\"><a href=\"https:\/\/casa-interior.com\/wp-content\/uploads\/2019\/07\/Arredo3-Kronos-HPL-1024x603.jpg\" class=\"fusion-lightbox\" data-rel=\"iLightbox[Arredo3 Kronos Materiales]\" data-title=\"Arredo3 Kronos HPL\" title=\"Arredo3 Kronos HPL\"><img decoding=\"async\" width=\"1024\" height=\"603\" alt=\"Arredo3 Cocina Moderna Kronos 2019 HPL\" src=\"https:\/\/casa-interior.com\/wp-content\/uploads\/2019\/07\/Arredo3-Kronos-HPL-1024x603.jpg\" class=\"img-responsive wp-image-20710\" srcset=\"https:\/\/casa-interior.com\/wp-content\/uploads\/2019\/07\/Arredo3-Kronos-HPL-200x118.jpg 200w, https:\/\/casa-interior.com\/wp-content\/uploads\/2019\/07\/Arredo3-Kronos-HPL-400x236.jpg 400w, https:\/\/casa-interior.com\/wp-content\/uploads\/2019\/07\/Arredo3-Kronos-HPL-600x353.jpg 600w, https:\/\/casa-interior.com\/wp-content\/uploads\/2019\/07\/Arredo3-Kronos-HPL-800x471.jpg 800w, https:\/\/casa-interior.com\/wp-content\/uploads\/2019\/07\/Arredo3-Kronos-HPL-1200x707.jpg 1200w, https:\/\/casa-interior.com\/wp-content\/uploads\/2019\/07\/Arredo3-Kronos-HPL.jpg 1280w\" sizes=\"(max-width: 800px) 100vw, 600px\" \/><\/a><\/span><\/div><div class=\"fusion-sep-clear\"><\/div><div class=\"fusion-separator fusion-full-width-sep\" style=\"margin-left: auto;margin-right: auto;margin-top:50px;width:100%;\"><\/div><div class=\"fusion-sep-clear\"><\/div><div class=\"fusion-clearfix\"><\/div><\/div><\/div><div class=\"fusion-layout-column fusion_builder_column fusion-builder-column-9 fusion_builder_column_1_2 1_2 fusion-one-half fusion-column-last\" style=\"--awb-bg-size:cover;width:50%;width:calc(50% - ( ( 4% ) * 0.5 ) );\"><div class=\"fusion-column-wrapper fusion-flex-column-wrapper-legacy\"><div class=\"fusion-title title fusion-title-6 fusion-sep-none fusion-title-center fusion-title-text fusion-title-size-four\" style=\"--awb-margin-top-small:0px;--awb-margin-right-small:0px;--awb-margin-bottom-small:20px;--awb-margin-left-small:0px;\"><h4 class=\"fusion-title-heading title-heading-center fusion-responsive-typography-calculated\" style=\"margin:0;--fontSize:30;line-height:1.5;\">Laminado HPL<\/h4><\/div><div class=\"fusion-text fusion-text-5\"><p>El laminado de alta presi\u00f3n HPL (High Pressure Laminate) es una de las mejores opciones. Se trata de un producto que se fabrica con alta tecnolog\u00eda mediante fibras t\u00e9cnicas celul\u00f3sicas unidas con resina fen\u00f3lica que, sometidas a alta presi\u00f3n y temperatura, logran una l\u00e1mina compacta que tiene unas caracter\u00edsticas excepcionales a precios competitivos.<\/p>\n<\/div><div class=\"fusion-sep-clear\"><\/div><div class=\"fusion-separator fusion-full-width-sep\" style=\"margin-left: auto;margin-right: auto;margin-top:50px;width:100%;\"><\/div><div class=\"fusion-sep-clear\"><\/div><div class=\"fusion-clearfix\"><\/div><\/div><\/div><div class=\"fusion-layout-column fusion_builder_column fusion-builder-column-10 fusion_builder_column_1_2 1_2 fusion-one-half fusion-column-first\" style=\"--awb-bg-size:cover;width:50%;width:calc(50% - ( ( 4% ) * 0.5 ) );margin-right: 4%;\"><div class=\"fusion-column-wrapper fusion-flex-column-wrapper-legacy\"><div class=\"fusion-title title fusion-title-7 fusion-sep-none fusion-title-center fusion-title-text fusion-title-size-four\" style=\"--awb-margin-top-small:0px;--awb-margin-right-small:0px;--awb-margin-bottom-small:20px;--awb-margin-left-small:0px;\"><h4 class=\"fusion-title-heading title-heading-center fusion-responsive-typography-calculated\" style=\"margin:0;--fontSize:30;line-height:1.5;\">Fenix<\/h4><\/div><div class=\"fusion-text fusion-text-6\"><p>Es un revestimiento multicapa, el uso de nanopart\u00edculas y resinas acr\u00edlicas de nueva generaci\u00f3n, endurecidas y fijadas a trav\u00e9s de un proceso de Electron Beam Curing. La fabricaci\u00f3n hace que el material sea antihuella, suave al tacto, opaco y extremadamente resistente, tanto que puede soportar golpes, ara\u00f1azos, pero tambi\u00e9n lo hace resistente el ataque de disolventes y reactivos que se usan habitualmente en la limpieza dom\u00e9stica.<\/p>\n<p>Fenix tambi\u00e9n es resistente al calor. Es m\u00e1s, cuando se presenten microara\u00f1azos superficiales, el calor ayuda a repararlos. La superficie del material est\u00e1 salpicada por un denso entramado de pol\u00edmeros entrecruzados, con una memoria propia que se reactiva gracias al calor.<\/p>\n<p>Fenix tambi\u00e9n es hidrorrepelente, higi\u00e9nico y resistente al moho, perfectamente apto para el contacto con alimentos y f\u00e1cil de limpiar.<\/p>\n<\/div><div class=\"fusion-sep-clear\"><\/div><div class=\"fusion-separator fusion-full-width-sep\" style=\"margin-left: auto;margin-right: auto;margin-top:50px;width:100%;\"><\/div><div class=\"fusion-sep-clear\"><\/div><div class=\"fusion-clearfix\"><\/div><\/div><\/div><div class=\"fusion-layout-column fusion_builder_column fusion-builder-column-11 fusion_builder_column_1_2 1_2 fusion-one-half fusion-column-last\" style=\"--awb-bg-size:cover;width:50%;width:calc(50% - ( ( 4% ) * 0.5 ) );\"><div class=\"fusion-column-wrapper fusion-flex-column-wrapper-legacy\"><div class=\"fusion-image-element in-legacy-container\" style=\"--awb-caption-title-font-family:var(--h2_typography-font-family);--awb-caption-title-font-weight:var(--h2_typography-font-weight);--awb-caption-title-font-style:var(--h2_typography-font-style);--awb-caption-title-size:var(--h2_typography-font-size);--awb-caption-title-transform:var(--h2_typography-text-transform);--awb-caption-title-line-height:var(--h2_typography-line-height);--awb-caption-title-letter-spacing:var(--h2_typography-letter-spacing);\"><span class=\" fusion-imageframe imageframe-none imageframe-6 hover-type-none\"><a href=\"https:\/\/casa-interior.com\/wp-content\/uploads\/2019\/07\/Arredo3-Kronos-Fenix-NTM-1024x603.jpg\" class=\"fusion-lightbox\" data-rel=\"iLightbox[Arredo3 Kronos Materiales]\" data-title=\"Arredo3 Kronos Fenix NTM\" title=\"Arredo3 Kronos Fenix NTM\"><img decoding=\"async\" width=\"1024\" height=\"603\" alt=\"Arredo3 Cocina Moderna Kronos 2019 Fenix NTM\" src=\"https:\/\/casa-interior.com\/wp-content\/uploads\/2019\/07\/Arredo3-Kronos-Fenix-NTM-1024x603.jpg\" class=\"img-responsive wp-image-20706\" srcset=\"https:\/\/casa-interior.com\/wp-content\/uploads\/2019\/07\/Arredo3-Kronos-Fenix-NTM-200x118.jpg 200w, https:\/\/casa-interior.com\/wp-content\/uploads\/2019\/07\/Arredo3-Kronos-Fenix-NTM-400x236.jpg 400w, https:\/\/casa-interior.com\/wp-content\/uploads\/2019\/07\/Arredo3-Kronos-Fenix-NTM-600x353.jpg 600w, https:\/\/casa-interior.com\/wp-content\/uploads\/2019\/07\/Arredo3-Kronos-Fenix-NTM-800x471.jpg 800w, https:\/\/casa-interior.com\/wp-content\/uploads\/2019\/07\/Arredo3-Kronos-Fenix-NTM-1200x707.jpg 1200w, https:\/\/casa-interior.com\/wp-content\/uploads\/2019\/07\/Arredo3-Kronos-Fenix-NTM.jpg 1280w\" sizes=\"(max-width: 800px) 100vw, 600px\" \/><\/a><\/span><\/div><div class=\"fusion-sep-clear\"><\/div><div class=\"fusion-separator fusion-full-width-sep\" style=\"margin-left: auto;margin-right: auto;margin-top:50px;width:100%;\"><\/div><div class=\"fusion-sep-clear\"><\/div><div class=\"fusion-clearfix\"><\/div><\/div><\/div><div class=\"fusion-layout-column fusion_builder_column fusion-builder-column-12 fusion_builder_column_1_2 1_2 fusion-one-half fusion-column-first\" style=\"--awb-bg-size:cover;width:50%;width:calc(50% - ( ( 4% ) * 0.5 ) );margin-right: 4%;\"><div class=\"fusion-column-wrapper fusion-flex-column-wrapper-legacy\"><div class=\"fusion-image-element in-legacy-container\" style=\"--awb-caption-title-font-family:var(--h2_typography-font-family);--awb-caption-title-font-weight:var(--h2_typography-font-weight);--awb-caption-title-font-style:var(--h2_typography-font-style);--awb-caption-title-size:var(--h2_typography-font-size);--awb-caption-title-transform:var(--h2_typography-text-transform);--awb-caption-title-line-height:var(--h2_typography-line-height);--awb-caption-title-letter-spacing:var(--h2_typography-letter-spacing);\"><span class=\" fusion-imageframe imageframe-none imageframe-7 hover-type-none\"><a href=\"https:\/\/casa-interior.com\/wp-content\/uploads\/2019\/07\/Arredo3-Kronos-Veneered-1024x603.jpg\" class=\"fusion-lightbox\" data-rel=\"iLightbox[Arredo3 Kronos Materiales]\" data-title=\"Arredo3 Kronos Veneered\" title=\"Arredo3 Kronos Veneered\"><img decoding=\"async\" width=\"1024\" height=\"603\" alt=\"Arredo3 Cocina Moderna Kronos 2019 Chapado en Madera\" src=\"https:\/\/casa-interior.com\/wp-content\/uploads\/2019\/07\/Arredo3-Kronos-Veneered-1024x603.jpg\" class=\"img-responsive wp-image-20704\" srcset=\"https:\/\/casa-interior.com\/wp-content\/uploads\/2019\/07\/Arredo3-Kronos-Veneered-200x118.jpg 200w, https:\/\/casa-interior.com\/wp-content\/uploads\/2019\/07\/Arredo3-Kronos-Veneered-400x236.jpg 400w, https:\/\/casa-interior.com\/wp-content\/uploads\/2019\/07\/Arredo3-Kronos-Veneered-600x353.jpg 600w, https:\/\/casa-interior.com\/wp-content\/uploads\/2019\/07\/Arredo3-Kronos-Veneered-800x471.jpg 800w, https:\/\/casa-interior.com\/wp-content\/uploads\/2019\/07\/Arredo3-Kronos-Veneered-1200x707.jpg 1200w, https:\/\/casa-interior.com\/wp-content\/uploads\/2019\/07\/Arredo3-Kronos-Veneered.jpg 1280w\" sizes=\"(max-width: 800px) 100vw, 600px\" \/><\/a><\/span><\/div><div class=\"fusion-sep-clear\"><\/div><div class=\"fusion-separator fusion-full-width-sep\" style=\"margin-left: auto;margin-right: auto;margin-top:50px;width:100%;\"><\/div><div class=\"fusion-sep-clear\"><\/div><div class=\"fusion-clearfix\"><\/div><\/div><\/div><div class=\"fusion-layout-column fusion_builder_column fusion-builder-column-13 fusion_builder_column_1_2 1_2 fusion-one-half fusion-column-last\" style=\"--awb-bg-size:cover;width:50%;width:calc(50% - ( ( 4% ) * 0.5 ) );\"><div class=\"fusion-column-wrapper fusion-flex-column-wrapper-legacy\"><div class=\"fusion-title title fusion-title-8 fusion-sep-none fusion-title-center fusion-title-text fusion-title-size-four\" style=\"--awb-margin-top-small:0px;--awb-margin-right-small:0px;--awb-margin-bottom-small:20px;--awb-margin-left-small:0px;\"><h4 class=\"fusion-title-heading title-heading-center fusion-responsive-typography-calculated\" style=\"margin:0;--fontSize:30;line-height:1.5;\">Chapado en Madera<\/h4><\/div><div class=\"fusion-sep-clear\"><\/div><div class=\"fusion-separator fusion-full-width-sep\" style=\"margin-left: auto;margin-right: auto;margin-top:50px;width:100%;\"><\/div><div class=\"fusion-sep-clear\"><\/div><div class=\"fusion-clearfix\"><\/div><\/div><\/div><div class=\"fusion-layout-column fusion_builder_column fusion-builder-column-14 fusion_builder_column_1_2 1_2 fusion-one-half fusion-column-first\" style=\"--awb-bg-size:cover;width:50%;width:calc(50% - ( ( 4% ) * 0.5 ) );margin-right: 4%;\"><div class=\"fusion-column-wrapper fusion-flex-column-wrapper-legacy\"><div class=\"fusion-title title fusion-title-9 fusion-sep-none fusion-title-center fusion-title-text fusion-title-size-four\" style=\"--awb-margin-top-small:0px;--awb-margin-right-small:0px;--awb-margin-bottom-small:20px;--awb-margin-left-small:0px;\"><h4 class=\"fusion-title-heading title-heading-center fusion-responsive-typography-calculated\" style=\"margin:0;--fontSize:30;line-height:1.5;\">Laminam<\/h4><\/div><div class=\"fusion-text fusion-text-7\"><p>Realizadas con tecnolog\u00edas avanzadas, a\u00fanan a las grandes dimensiones y al espesor reducido una elevada resistencia a las tensiones mec\u00e1nicas, a la acci\u00f3n de productos qu\u00edmicos, al desgaste, a las rayas, a la profunda abrasi\u00f3n y a la flexi\u00f3n, son de f\u00e1cil limpieza, resistentes al hielo, al fuego, a los mohos y a la acci\u00f3n de los rayos UV. Todas las caracter\u00edsticas y las propiedades crom\u00e1ticas de las losas son inalterables, permaneciendo as\u00ed invariables en el tiempo y ante cualquier condici\u00f3n atmosf\u00e9rica.<\/p>\n<\/div><div class=\"fusion-sep-clear\"><\/div><div class=\"fusion-separator fusion-full-width-sep\" style=\"margin-left: auto;margin-right: auto;margin-top:50px;width:100%;\"><\/div><div class=\"fusion-sep-clear\"><\/div><div class=\"fusion-clearfix\"><\/div><\/div><\/div><div class=\"fusion-layout-column fusion_builder_column fusion-builder-column-15 fusion_builder_column_1_2 1_2 fusion-one-half fusion-column-last\" style=\"--awb-bg-size:cover;width:50%;width:calc(50% - ( ( 4% ) * 0.5 ) );\"><div class=\"fusion-column-wrapper fusion-flex-column-wrapper-legacy\"><div class=\"fusion-image-element in-legacy-container\" style=\"--awb-caption-title-font-family:var(--h2_typography-font-family);--awb-caption-title-font-weight:var(--h2_typography-font-weight);--awb-caption-title-font-style:var(--h2_typography-font-style);--awb-caption-title-size:var(--h2_typography-font-size);--awb-caption-title-transform:var(--h2_typography-text-transform);--awb-caption-title-line-height:var(--h2_typography-line-height);--awb-caption-title-letter-spacing:var(--h2_typography-letter-spacing);\"><span class=\" fusion-imageframe imageframe-none imageframe-8 hover-type-none\"><a href=\"https:\/\/casa-interior.com\/wp-content\/uploads\/2019\/07\/Arredo3-Kronos-Laminam-1024x603.jpg\" class=\"fusion-lightbox\" data-rel=\"iLightbox[Arredo3 Kronos Materiales]\" data-title=\"Arredo3 Kronos Laminam\" title=\"Arredo3 Kronos Laminam\"><img decoding=\"async\" width=\"1024\" height=\"603\" alt=\"Arredo3 Cocina Moderna Kronos 2019 Chapado en Madera\" src=\"https:\/\/casa-interior.com\/wp-content\/uploads\/2019\/07\/Arredo3-Kronos-Laminam-1024x603.jpg\" class=\"img-responsive wp-image-20698\" srcset=\"https:\/\/casa-interior.com\/wp-content\/uploads\/2019\/07\/Arredo3-Kronos-Laminam-200x118.jpg 200w, https:\/\/casa-interior.com\/wp-content\/uploads\/2019\/07\/Arredo3-Kronos-Laminam-400x236.jpg 400w, https:\/\/casa-interior.com\/wp-content\/uploads\/2019\/07\/Arredo3-Kronos-Laminam-600x353.jpg 600w, https:\/\/casa-interior.com\/wp-content\/uploads\/2019\/07\/Arredo3-Kronos-Laminam-800x471.jpg 800w, https:\/\/casa-interior.com\/wp-content\/uploads\/2019\/07\/Arredo3-Kronos-Laminam-1200x707.jpg 1200w, https:\/\/casa-interior.com\/wp-content\/uploads\/2019\/07\/Arredo3-Kronos-Laminam.jpg 1280w\" sizes=\"(max-width: 800px) 100vw, 600px\" \/><\/a><\/span><\/div><div class=\"fusion-sep-clear\"><\/div><div class=\"fusion-separator fusion-full-width-sep\" style=\"margin-left: auto;margin-right: auto;margin-top:50px;width:100%;\"><\/div><div class=\"fusion-sep-clear\"><\/div><div class=\"fusion-clearfix\"><\/div><\/div><\/div><div class=\"fusion-layout-column fusion_builder_column fusion-builder-column-16 fusion_builder_column_1_1 1_1 fusion-one-full fusion-column-first fusion-column-last\" style=\"--awb-bg-size:cover;\"><div class=\"fusion-column-wrapper fusion-flex-column-wrapper-legacy\"><div class=\"fusion-sep-clear\"><\/div><div class=\"fusion-separator fusion-full-width-sep\" style=\"margin-left: auto;margin-right: auto;margin-top:50px;width:100%;\"><\/div><div class=\"fusion-sep-clear\"><\/div><div class=\"fusion-text fusion-text-8\"><p style=\"text-align: center;\">Si desea m\u00e1s informaci\u00f3n o un dise\u00f1o para renovar su cocina, por favor, <a href=\"https:\/\/casa-interior.com\/es\/contacto-casa-interior\/\">contacte<\/a> con nosotros.<\/p>\n<\/div><div class=\"fusion-clearfix\"><\/div><\/div><\/div><\/div><\/div><\/p>\n","protected":false},"excerpt":{"rendered":"<p>Un proyecto avanzado capaz de combinar caracter\u00edsticas t\u00e9cnicas avanzadas y materiales de primera calidad para crear ambientes que superan la prueba del tiempo.<\/p>\n","protected":false},"author":1,"featured_media":11998,"comment_status":"open","ping_status":"open","sticky":false,"template":"","format":"gallery","meta":{"footnotes":""},"categories":[1362,1349],"tags":[1603,1829,1320,171,1822,1817,1816,1814,1824,1818,1821,1621,1828],"class_list":["post-20696","post","type-post","status-publish","format-gallery","has-post-thumbnail","hentry","category-creativo","category-noticias","tag-1603","tag-aluminio","tag-arredo3","tag-casa-interior","tag-creativo","tag-fenix","tag-hpl","tag-kronos","tag-laminado","tag-laminam","tag-madera","tag-puerta","tag-vidrio","post_format-post-format-gallery"],"yoast_head":"<!-- This site is optimized with the Yoast SEO plugin v27.3 - https:\/\/yoast.com\/product\/yoast-seo-wordpress\/ -->\n<title>Casa Interior - Blog - Julio 2019 - Kronos: La Nueva Puerta de Arredo3<\/title>\n<meta name=\"robots\" content=\"index, follow, max-snippet:-1, max-image-preview:large, max-video-preview:-1\" \/>\n<link rel=\"canonical\" href=\"https:\/\/casa-interior.com\/es\/2019\/07\/01\/kronos-la-nueva-puerta-de-arredo3\/\" \/>\n<meta property=\"og:locale\" content=\"es_ES\" \/>\n<meta property=\"og:type\" content=\"article\" \/>\n<meta property=\"og:title\" content=\"Casa Interior - Blog - Julio 2019 - Kronos: La Nueva Puerta de Arredo3\" \/>\n<meta property=\"og:description\" content=\"Un proyecto avanzado capaz de combinar caracter\u00edsticas t\u00e9cnicas avanzadas y materiales de primera calidad para crear ambientes que superan la prueba del tiempo.\" \/>\n<meta property=\"og:url\" content=\"https:\/\/casa-interior.com\/es\/2019\/07\/01\/kronos-la-nueva-puerta-de-arredo3\/\" \/>\n<meta property=\"og:site_name\" content=\"Casa Interior\" \/>\n<meta property=\"article:publisher\" content=\"https:\/\/www.facebook.com\/kitchens.costa.blanca\/\" \/>\n<meta property=\"article:published_time\" content=\"2019-07-01T10:00:08+00:00\" \/>\n<meta property=\"article:modified_time\" content=\"2020-03-27T10:37:16+00:00\" \/>\n<meta property=\"og:image\" content=\"https:\/\/casa-interior.com\/wp-content\/uploads\/2018\/03\/Arredo3-fondo-verde.jpg\" \/>\n\t<meta property=\"og:image:width\" content=\"500\" \/>\n\t<meta property=\"og:image:height\" content=\"500\" \/>\n\t<meta property=\"og:image:type\" content=\"image\/jpeg\" \/>\n<meta name=\"author\" content=\"niribas\" \/>\n<meta name=\"twitter:card\" content=\"summary_large_image\" \/>\n<meta name=\"twitter:label1\" content=\"Escrito por\" \/>\n\t<meta name=\"twitter:data1\" content=\"niribas\" \/>\n\t<meta name=\"twitter:label2\" content=\"Tiempo de lectura\" \/>\n\t<meta name=\"twitter:data2\" content=\"17 minutos\" \/>\n<script type=\"application\/ld+json\" class=\"yoast-schema-graph\">{\"@context\":\"https:\\\/\\\/schema.org\",\"@graph\":[{\"@type\":\"Article\",\"@id\":\"https:\\\/\\\/casa-interior.com\\\/es\\\/2019\\\/07\\\/01\\\/kronos-la-nueva-puerta-de-arredo3\\\/#article\",\"isPartOf\":{\"@id\":\"https:\\\/\\\/casa-interior.com\\\/es\\\/2019\\\/07\\\/01\\\/kronos-la-nueva-puerta-de-arredo3\\\/\"},\"author\":{\"name\":\"niribas\",\"@id\":\"https:\\\/\\\/casa-interior.com\\\/es\\\/#\\\/schema\\\/person\\\/20abc876fea262dc8fb98de5c5028bab\"},\"headline\":\"Kronos: La Nueva Puerta de Arredo3\",\"datePublished\":\"2019-07-01T10:00:08+00:00\",\"dateModified\":\"2020-03-27T10:37:16+00:00\",\"mainEntityOfPage\":{\"@id\":\"https:\\\/\\\/casa-interior.com\\\/es\\\/2019\\\/07\\\/01\\\/kronos-la-nueva-puerta-de-arredo3\\\/\"},\"wordCount\":3496,\"commentCount\":0,\"publisher\":{\"@id\":\"https:\\\/\\\/casa-interior.com\\\/es\\\/#organization\"},\"image\":{\"@id\":\"https:\\\/\\\/casa-interior.com\\\/es\\\/2019\\\/07\\\/01\\\/kronos-la-nueva-puerta-de-arredo3\\\/#primaryimage\"},\"thumbnailUrl\":\"https:\\\/\\\/casa-interior.com\\\/wp-content\\\/uploads\\\/2018\\\/03\\\/Arredo3-fondo-verde.jpg\",\"keywords\":[\"2019\",\"Aluminio\",\"Arredo3\",\"Casa Interior\",\"Creativo\",\"Fenix\",\"HPL\",\"Kronos\",\"Laminado\",\"Laminam\",\"Madera\",\"Puerta\",\"Vidrio\"],\"articleSection\":[\"Creativo\",\"Noticias\"],\"inLanguage\":\"es\",\"potentialAction\":[{\"@type\":\"CommentAction\",\"name\":\"Comment\",\"target\":[\"https:\\\/\\\/casa-interior.com\\\/es\\\/2019\\\/07\\\/01\\\/kronos-la-nueva-puerta-de-arredo3\\\/#respond\"]}]},{\"@type\":\"WebPage\",\"@id\":\"https:\\\/\\\/casa-interior.com\\\/es\\\/2019\\\/07\\\/01\\\/kronos-la-nueva-puerta-de-arredo3\\\/\",\"url\":\"https:\\\/\\\/casa-interior.com\\\/es\\\/2019\\\/07\\\/01\\\/kronos-la-nueva-puerta-de-arredo3\\\/\",\"name\":\"Casa Interior - Blog - Julio 2019 - Kronos: La Nueva Puerta de Arredo3\",\"isPartOf\":{\"@id\":\"https:\\\/\\\/casa-interior.com\\\/es\\\/#website\"},\"primaryImageOfPage\":{\"@id\":\"https:\\\/\\\/casa-interior.com\\\/es\\\/2019\\\/07\\\/01\\\/kronos-la-nueva-puerta-de-arredo3\\\/#primaryimage\"},\"image\":{\"@id\":\"https:\\\/\\\/casa-interior.com\\\/es\\\/2019\\\/07\\\/01\\\/kronos-la-nueva-puerta-de-arredo3\\\/#primaryimage\"},\"thumbnailUrl\":\"https:\\\/\\\/casa-interior.com\\\/wp-content\\\/uploads\\\/2018\\\/03\\\/Arredo3-fondo-verde.jpg\",\"datePublished\":\"2019-07-01T10:00:08+00:00\",\"dateModified\":\"2020-03-27T10:37:16+00:00\",\"breadcrumb\":{\"@id\":\"https:\\\/\\\/casa-interior.com\\\/es\\\/2019\\\/07\\\/01\\\/kronos-la-nueva-puerta-de-arredo3\\\/#breadcrumb\"},\"inLanguage\":\"es\",\"potentialAction\":[{\"@type\":\"ReadAction\",\"target\":[\"https:\\\/\\\/casa-interior.com\\\/es\\\/2019\\\/07\\\/01\\\/kronos-la-nueva-puerta-de-arredo3\\\/\"]}]},{\"@type\":\"ImageObject\",\"inLanguage\":\"es\",\"@id\":\"https:\\\/\\\/casa-interior.com\\\/es\\\/2019\\\/07\\\/01\\\/kronos-la-nueva-puerta-de-arredo3\\\/#primaryimage\",\"url\":\"https:\\\/\\\/casa-interior.com\\\/wp-content\\\/uploads\\\/2018\\\/03\\\/Arredo3-fondo-verde.jpg\",\"contentUrl\":\"https:\\\/\\\/casa-interior.com\\\/wp-content\\\/uploads\\\/2018\\\/03\\\/Arredo3-fondo-verde.jpg\",\"width\":500,\"height\":500,\"caption\":\"Logo Arredo3\"},{\"@type\":\"BreadcrumbList\",\"@id\":\"https:\\\/\\\/casa-interior.com\\\/es\\\/2019\\\/07\\\/01\\\/kronos-la-nueva-puerta-de-arredo3\\\/#breadcrumb\",\"itemListElement\":[{\"@type\":\"ListItem\",\"position\":1,\"name\":\"Portada\",\"item\":\"https:\\\/\\\/casa-interior.com\\\/es\\\/casa-interior\\\/\"},{\"@type\":\"ListItem\",\"position\":2,\"name\":\"Kronos: La Nueva Puerta de Arredo3\"}]},{\"@type\":\"WebSite\",\"@id\":\"https:\\\/\\\/casa-interior.com\\\/es\\\/#website\",\"url\":\"https:\\\/\\\/casa-interior.com\\\/es\\\/\",\"name\":\"Casa Interior\",\"description\":\"Kitchen Designers in Costa Blanca\",\"publisher\":{\"@id\":\"https:\\\/\\\/casa-interior.com\\\/es\\\/#organization\"},\"potentialAction\":[{\"@type\":\"SearchAction\",\"target\":{\"@type\":\"EntryPoint\",\"urlTemplate\":\"https:\\\/\\\/casa-interior.com\\\/es\\\/?s={search_term_string}\"},\"query-input\":{\"@type\":\"PropertyValueSpecification\",\"valueRequired\":true,\"valueName\":\"search_term_string\"}}],\"inLanguage\":\"es\"},{\"@type\":\"Organization\",\"@id\":\"https:\\\/\\\/casa-interior.com\\\/es\\\/#organization\",\"name\":\"Casa Interior\",\"url\":\"https:\\\/\\\/casa-interior.com\\\/es\\\/\",\"logo\":{\"@type\":\"ImageObject\",\"inLanguage\":\"es\",\"@id\":\"https:\\\/\\\/casa-interior.com\\\/es\\\/#\\\/schema\\\/logo\\\/image\\\/\",\"url\":\"https:\\\/\\\/casa-interior.com\\\/wp-content\\\/uploads\\\/2018\\\/03\\\/Logo-Casa-Interior-nuevo-150px.png\",\"contentUrl\":\"https:\\\/\\\/casa-interior.com\\\/wp-content\\\/uploads\\\/2018\\\/03\\\/Logo-Casa-Interior-nuevo-150px.png\",\"width\":150,\"height\":150,\"caption\":\"Casa Interior\"},\"image\":{\"@id\":\"https:\\\/\\\/casa-interior.com\\\/es\\\/#\\\/schema\\\/logo\\\/image\\\/\"},\"sameAs\":[\"https:\\\/\\\/www.facebook.com\\\/kitchens.costa.blanca\\\/\",\"https:\\\/\\\/www.instagram.com\\\/casainterioraltea\"]},{\"@type\":\"Person\",\"@id\":\"https:\\\/\\\/casa-interior.com\\\/es\\\/#\\\/schema\\\/person\\\/20abc876fea262dc8fb98de5c5028bab\",\"name\":\"niribas\",\"image\":{\"@type\":\"ImageObject\",\"inLanguage\":\"es\",\"@id\":\"https:\\\/\\\/secure.gravatar.com\\\/avatar\\\/cb35377b7c77649f38257f3ba6dc37b9c641db662db8478298a0d0522c4224a9?s=96&d=mm&r=g\",\"url\":\"https:\\\/\\\/secure.gravatar.com\\\/avatar\\\/cb35377b7c77649f38257f3ba6dc37b9c641db662db8478298a0d0522c4224a9?s=96&d=mm&r=g\",\"contentUrl\":\"https:\\\/\\\/secure.gravatar.com\\\/avatar\\\/cb35377b7c77649f38257f3ba6dc37b9c641db662db8478298a0d0522c4224a9?s=96&d=mm&r=g\",\"caption\":\"niribas\"},\"url\":\"https:\\\/\\\/casa-interior.com\\\/es\\\/author\\\/niribas\\\/\"}]}<\/script>\n<!-- \/ Yoast SEO plugin. -->","yoast_head_json":{"title":"Casa Interior - Blog - Julio 2019 - Kronos: La Nueva Puerta de Arredo3","robots":{"index":"index","follow":"follow","max-snippet":"max-snippet:-1","max-image-preview":"max-image-preview:large","max-video-preview":"max-video-preview:-1"},"canonical":"https:\/\/casa-interior.com\/es\/2019\/07\/01\/kronos-la-nueva-puerta-de-arredo3\/","og_locale":"es_ES","og_type":"article","og_title":"Casa Interior - Blog - Julio 2019 - Kronos: La Nueva Puerta de Arredo3","og_description":"Un proyecto avanzado capaz de combinar caracter\u00edsticas t\u00e9cnicas avanzadas y materiales de primera calidad para crear ambientes que superan la prueba del tiempo.","og_url":"https:\/\/casa-interior.com\/es\/2019\/07\/01\/kronos-la-nueva-puerta-de-arredo3\/","og_site_name":"Casa Interior","article_publisher":"https:\/\/www.facebook.com\/kitchens.costa.blanca\/","article_published_time":"2019-07-01T10:00:08+00:00","article_modified_time":"2020-03-27T10:37:16+00:00","og_image":[{"width":500,"height":500,"url":"https:\/\/casa-interior.com\/wp-content\/uploads\/2018\/03\/Arredo3-fondo-verde.jpg","type":"image\/jpeg"}],"author":"niribas","twitter_card":"summary_large_image","twitter_misc":{"Escrito por":"niribas","Tiempo de lectura":"17 minutos"},"schema":{"@context":"https:\/\/schema.org","@graph":[{"@type":"Article","@id":"https:\/\/casa-interior.com\/es\/2019\/07\/01\/kronos-la-nueva-puerta-de-arredo3\/#article","isPartOf":{"@id":"https:\/\/casa-interior.com\/es\/2019\/07\/01\/kronos-la-nueva-puerta-de-arredo3\/"},"author":{"name":"niribas","@id":"https:\/\/casa-interior.com\/es\/#\/schema\/person\/20abc876fea262dc8fb98de5c5028bab"},"headline":"Kronos: La Nueva Puerta de Arredo3","datePublished":"2019-07-01T10:00:08+00:00","dateModified":"2020-03-27T10:37:16+00:00","mainEntityOfPage":{"@id":"https:\/\/casa-interior.com\/es\/2019\/07\/01\/kronos-la-nueva-puerta-de-arredo3\/"},"wordCount":3496,"commentCount":0,"publisher":{"@id":"https:\/\/casa-interior.com\/es\/#organization"},"image":{"@id":"https:\/\/casa-interior.com\/es\/2019\/07\/01\/kronos-la-nueva-puerta-de-arredo3\/#primaryimage"},"thumbnailUrl":"https:\/\/casa-interior.com\/wp-content\/uploads\/2018\/03\/Arredo3-fondo-verde.jpg","keywords":["2019","Aluminio","Arredo3","Casa Interior","Creativo","Fenix","HPL","Kronos","Laminado","Laminam","Madera","Puerta","Vidrio"],"articleSection":["Creativo","Noticias"],"inLanguage":"es","potentialAction":[{"@type":"CommentAction","name":"Comment","target":["https:\/\/casa-interior.com\/es\/2019\/07\/01\/kronos-la-nueva-puerta-de-arredo3\/#respond"]}]},{"@type":"WebPage","@id":"https:\/\/casa-interior.com\/es\/2019\/07\/01\/kronos-la-nueva-puerta-de-arredo3\/","url":"https:\/\/casa-interior.com\/es\/2019\/07\/01\/kronos-la-nueva-puerta-de-arredo3\/","name":"Casa Interior - Blog - Julio 2019 - Kronos: La Nueva Puerta de Arredo3","isPartOf":{"@id":"https:\/\/casa-interior.com\/es\/#website"},"primaryImageOfPage":{"@id":"https:\/\/casa-interior.com\/es\/2019\/07\/01\/kronos-la-nueva-puerta-de-arredo3\/#primaryimage"},"image":{"@id":"https:\/\/casa-interior.com\/es\/2019\/07\/01\/kronos-la-nueva-puerta-de-arredo3\/#primaryimage"},"thumbnailUrl":"https:\/\/casa-interior.com\/wp-content\/uploads\/2018\/03\/Arredo3-fondo-verde.jpg","datePublished":"2019-07-01T10:00:08+00:00","dateModified":"2020-03-27T10:37:16+00:00","breadcrumb":{"@id":"https:\/\/casa-interior.com\/es\/2019\/07\/01\/kronos-la-nueva-puerta-de-arredo3\/#breadcrumb"},"inLanguage":"es","potentialAction":[{"@type":"ReadAction","target":["https:\/\/casa-interior.com\/es\/2019\/07\/01\/kronos-la-nueva-puerta-de-arredo3\/"]}]},{"@type":"ImageObject","inLanguage":"es","@id":"https:\/\/casa-interior.com\/es\/2019\/07\/01\/kronos-la-nueva-puerta-de-arredo3\/#primaryimage","url":"https:\/\/casa-interior.com\/wp-content\/uploads\/2018\/03\/Arredo3-fondo-verde.jpg","contentUrl":"https:\/\/casa-interior.com\/wp-content\/uploads\/2018\/03\/Arredo3-fondo-verde.jpg","width":500,"height":500,"caption":"Logo Arredo3"},{"@type":"BreadcrumbList","@id":"https:\/\/casa-interior.com\/es\/2019\/07\/01\/kronos-la-nueva-puerta-de-arredo3\/#breadcrumb","itemListElement":[{"@type":"ListItem","position":1,"name":"Portada","item":"https:\/\/casa-interior.com\/es\/casa-interior\/"},{"@type":"ListItem","position":2,"name":"Kronos: La Nueva Puerta de Arredo3"}]},{"@type":"WebSite","@id":"https:\/\/casa-interior.com\/es\/#website","url":"https:\/\/casa-interior.com\/es\/","name":"Casa Interior","description":"Kitchen Designers in Costa Blanca","publisher":{"@id":"https:\/\/casa-interior.com\/es\/#organization"},"potentialAction":[{"@type":"SearchAction","target":{"@type":"EntryPoint","urlTemplate":"https:\/\/casa-interior.com\/es\/?s={search_term_string}"},"query-input":{"@type":"PropertyValueSpecification","valueRequired":true,"valueName":"search_term_string"}}],"inLanguage":"es"},{"@type":"Organization","@id":"https:\/\/casa-interior.com\/es\/#organization","name":"Casa Interior","url":"https:\/\/casa-interior.com\/es\/","logo":{"@type":"ImageObject","inLanguage":"es","@id":"https:\/\/casa-interior.com\/es\/#\/schema\/logo\/image\/","url":"https:\/\/casa-interior.com\/wp-content\/uploads\/2018\/03\/Logo-Casa-Interior-nuevo-150px.png","contentUrl":"https:\/\/casa-interior.com\/wp-content\/uploads\/2018\/03\/Logo-Casa-Interior-nuevo-150px.png","width":150,"height":150,"caption":"Casa Interior"},"image":{"@id":"https:\/\/casa-interior.com\/es\/#\/schema\/logo\/image\/"},"sameAs":["https:\/\/www.facebook.com\/kitchens.costa.blanca\/","https:\/\/www.instagram.com\/casainterioraltea"]},{"@type":"Person","@id":"https:\/\/casa-interior.com\/es\/#\/schema\/person\/20abc876fea262dc8fb98de5c5028bab","name":"niribas","image":{"@type":"ImageObject","inLanguage":"es","@id":"https:\/\/secure.gravatar.com\/avatar\/cb35377b7c77649f38257f3ba6dc37b9c641db662db8478298a0d0522c4224a9?s=96&d=mm&r=g","url":"https:\/\/secure.gravatar.com\/avatar\/cb35377b7c77649f38257f3ba6dc37b9c641db662db8478298a0d0522c4224a9?s=96&d=mm&r=g","contentUrl":"https:\/\/secure.gravatar.com\/avatar\/cb35377b7c77649f38257f3ba6dc37b9c641db662db8478298a0d0522c4224a9?s=96&d=mm&r=g","caption":"niribas"},"url":"https:\/\/casa-interior.com\/es\/author\/niribas\/"}]}},"_links":{"self":[{"href":"https:\/\/casa-interior.com\/es\/wp-json\/wp\/v2\/posts\/20696","targetHints":{"allow":["GET"]}}],"collection":[{"href":"https:\/\/casa-interior.com\/es\/wp-json\/wp\/v2\/posts"}],"about":[{"href":"https:\/\/casa-interior.com\/es\/wp-json\/wp\/v2\/types\/post"}],"author":[{"embeddable":true,"href":"https:\/\/casa-interior.com\/es\/wp-json\/wp\/v2\/users\/1"}],"replies":[{"embeddable":true,"href":"https:\/\/casa-interior.com\/es\/wp-json\/wp\/v2\/comments?post=20696"}],"version-history":[{"count":0,"href":"https:\/\/casa-interior.com\/es\/wp-json\/wp\/v2\/posts\/20696\/revisions"}],"wp:featuredmedia":[{"embeddable":true,"href":"https:\/\/casa-interior.com\/es\/wp-json\/wp\/v2\/media\/11998"}],"wp:attachment":[{"href":"https:\/\/casa-interior.com\/es\/wp-json\/wp\/v2\/media?parent=20696"}],"wp:term":[{"taxonomy":"category","embeddable":true,"href":"https:\/\/casa-interior.com\/es\/wp-json\/wp\/v2\/categories?post=20696"},{"taxonomy":"post_tag","embeddable":true,"href":"https:\/\/casa-interior.com\/es\/wp-json\/wp\/v2\/tags?post=20696"}],"curies":[{"name":"wp","href":"https:\/\/api.w.org\/{rel}","templated":true}]}}