{"id":22917,"date":"2020-06-05T11:14:48","date_gmt":"2020-06-05T09:14:48","guid":{"rendered":"https:\/\/casa-interior.com\/?p=22917"},"modified":"2020-06-08T17:25:59","modified_gmt":"2020-06-08T15:25:59","slug":"casa-interior-covid-19-nuestro-punto-de-vista","status":"publish","type":"post","link":"https:\/\/casa-interior.com\/es\/2020\/06\/05\/casa-interior-covid-19-nuestro-punto-de-vista\/","title":{"rendered":"Nuestro proyecto en la revista Homify"},"content":{"rendered":"<p><div class=\"fusion-fullwidth fullwidth-box fusion-builder-row-1 nonhundred-percent-fullwidth non-hundred-percent-height-scrolling\" style=\"--awb-background-position:left top;--awb-border-radius-top-left:0px;--awb-border-radius-top-right:0px;--awb-border-radius-bottom-right:0px;--awb-border-radius-bottom-left:0px;--awb-padding-top:20px;--awb-padding-bottom:20px;--awb-border-sizes-top:0px;--awb-border-sizes-bottom:0px;--awb-flex-wrap:wrap;\" ><div class=\"fusion-builder-row fusion-row\"><div class=\"fusion-layout-column fusion_builder_column fusion-builder-column-0 fusion_builder_column_1_1 1_1 fusion-one-full fusion-column-first fusion-column-last\" style=\"--awb-padding-right:10%;--awb-padding-left:10%;--awb-bg-size:cover;\"><div class=\"fusion-column-wrapper fusion-flex-column-wrapper-legacy\"><div class=\"fusion-title title fusion-title-1 fusion-sep-none fusion-title-center fusion-title-text fusion-title-size-one\" style=\"--awb-margin-top-small:0px;--awb-margin-right-small:0px;--awb-margin-bottom-small:20px;--awb-margin-left-small:0px;\"><h1 class=\"fusion-title-heading title-heading-center fusion-responsive-typography-calculated\" style=\"margin:0;--fontSize:70;line-height:1.4;\"><h1 style=\"font-size: 50px; font-weight: 500;\">Revista Homify<\/h1><\/h1><\/div><div class=\"fusion-image-element fusion-image-align-center in-legacy-container\" style=\"text-align:center;--awb-caption-title-font-family:var(--h2_typography-font-family);--awb-caption-title-font-weight:var(--h2_typography-font-weight);--awb-caption-title-font-style:var(--h2_typography-font-style);--awb-caption-title-size:var(--h2_typography-font-size);--awb-caption-title-transform:var(--h2_typography-text-transform);--awb-caption-title-line-height:var(--h2_typography-line-height);--awb-caption-title-letter-spacing:var(--h2_typography-letter-spacing);\"><div class=\"imageframe-align-center\"><span class=\" fusion-imageframe imageframe-none imageframe-1 hover-type-none\"><img decoding=\"async\" width=\"54\" height=\"60\" title=\"Separador-Casa-Interior\" src=\"https:\/\/casa-interior.com\/wp-content\/uploads\/2018\/03\/Separador-Casa-Interior-1.png\" alt class=\"img-responsive wp-image-11980\"\/><\/span><\/div><\/div><div class=\"fusion-sep-clear\"><\/div><div class=\"fusion-separator fusion-full-width-sep\" style=\"margin-left: auto;margin-right: auto;margin-top:20px;width:100%;\"><\/div><div class=\"fusion-sep-clear\"><\/div><div class=\"fusion-text fusion-text-1\"><p style=\"font-weight: 16px; letter-spacing: 2px; text-align: center;\">Noticias Casa Interior \u2022 \u00a0 Junio, 2020<\/p>\n<\/div><div class=\"fusion-sep-clear\"><\/div><div class=\"fusion-separator fusion-full-width-sep\" style=\"margin-left: auto;margin-right: auto;margin-top:50px;width:100%;\"><\/div><div class=\"fusion-sep-clear\"><\/div><div class=\"fusion-clearfix\"><\/div><\/div><\/div><\/div><\/div><div class=\"fusion-fullwidth fullwidth-box fusion-builder-row-2 nonhundred-percent-fullwidth non-hundred-percent-height-scrolling\" style=\"--awb-border-radius-top-left:0px;--awb-border-radius-top-right:0px;--awb-border-radius-bottom-right:0px;--awb-border-radius-bottom-left:0px;--awb-flex-wrap:wrap;\" ><div class=\"fusion-builder-row fusion-row\"><div class=\"fusion-layout-column fusion_builder_column fusion-builder-column-1 fusion_builder_column_1_2 1_2 fusion-one-half fusion-column-first\" style=\"--awb-bg-size:cover;width:50%;width:calc(50% - ( ( 4% ) * 0.5 ) );margin-right: 4%;\"><div class=\"fusion-column-wrapper fusion-flex-column-wrapper-legacy\"><div class=\"fusion-text fusion-text-2\"><p>Uno de nuestros proyectos ha sido publicado en la revista Homify. En este art\u00edculo han analizado la renovaci\u00f3n de la cocina que hicimos y han mostrado im\u00e1genes de antes y despu\u00e9s que hicimos al terminar el proyecto de esta cocina moderna.<\/p>\n<p>Estamos muy orgullosos de que nos eligieran para hacer este reportaje.<\/p>\n<p>Aqu\u00ed hay algunos extractos del art\u00edculo.<\/p>\n<ul>\n<li>\u00abEl proyecto, realizado por los dise\u00f1adores de cocinas Casa Interior, refleja fielmente los requisitos de los clientes y el buen resultado de los profesionales.\u00bb<\/li>\n<li>\u00abTodo ello, siguiendo las caracter\u00edsticas de un estilo que roza el minimalismo, pero que se decanta m\u00e1s por el estilo moderno, encontr\u00e1ndonos un espacio perfecto para pasar tiempo cocinando sin sentirnos en otra \u00e9poca, pudiendo compartir un buen momento con familia y amigos.\u00bb<\/li>\n<li>\u00abEl tri\u00e1ngulo de trabajo de esta cocina est\u00e1 perfectamente incorporado para hacer funcional el nuevo dise\u00f1o.\u00bb<\/li>\n<li>\u00abLa mezcla entre claros y oscuros de los materiales, junto a la iluminaci\u00f3n natural recibida del lucernario, y la iluminaci\u00f3n artificial de apliques y tiras LED de armarios, hace que sea una estancia de dise\u00f1o moderno y que no pasa de moda.\u00bb<\/li>\n<li>\u00abAl final, en este tipo de proyectos de cocinas tan estudiados y completos, lo que marca la diferencia, a parte del dise\u00f1o y personalizaci\u00f3n, es la atenci\u00f3n a los detalles.\u00bb<\/li>\n<\/ul>\n<p>Junto a este texto pod\u00e9is ver algunas im\u00e1genes de la cocina de este proyecto y debajo ten\u00e9is el enlace al proyecto de renovaci\u00f3n de esta cocina moderna.<\/p>\n<div class=\"video-shortcode\">\n<blockquote class=\"wp-embedded-content\" data-secret=\"qvXtbxO5cc\">\n<p><a href=\"https:\/\/casa-interior.com\/es\/portfolio-items\/kuchentime-inline-alfaz-del-pi\/\">K\u00fcchentime Inline &#8211; Alfaz del Pi<\/a><\/p>\n<\/blockquote>\n<p><iframe title=\"\u00abK\u00fcchentime Inline &#8211; Alfaz del Pi\u00bb \u2014 Casa Interior\" class=\"wp-embedded-content\" sandbox=\"allow-scripts\" security=\"restricted\" style=\"position: absolute; clip: rect(1px, 1px, 1px, 1px);\" src=\"https:\/\/casa-interior.com\/es\/portfolio-items\/kuchentime-inline-alfaz-del-pi\/embed\/#?secret=qvXtbxO5cc\" data-secret=\"qvXtbxO5cc\" width=\"600\" height=\"338\" frameborder=\"0\" marginwidth=\"0\" marginheight=\"0\" scrolling=\"no\"><\/iframe><\/div>\n<p>Si quer\u00e9is leer el art\u00edculo completo de Homify, pod\u00e9is seguir <a href=\"https:\/\/www.homify.es\/libros_de_ideas\/7294378\/el-diseno-de-una-moderna-cocina-en-alfaz-del-pi\">este enlace<\/a>.<\/p>\n<p>Estamos muy agradecidos a Homify y esto nos da la energ\u00eda para seguir trabajando y desarrollando proyectos de cocinas para nuestros clientes.<\/p>\n<\/div><div class=\"fusion-clearfix\"><\/div><\/div><\/div><div class=\"fusion-layout-column fusion_builder_column fusion-builder-column-2 fusion_builder_column_1_2 1_2 fusion-one-half fusion-column-last\" style=\"--awb-bg-size:cover;width:50%;width:calc(50% - ( ( 4% ) * 0.5 ) );\"><div class=\"fusion-column-wrapper fusion-flex-column-wrapper-legacy\"><div class=\"fusion-image-element in-legacy-container\" style=\"--awb-caption-title-font-family:var(--h2_typography-font-family);--awb-caption-title-font-weight:var(--h2_typography-font-weight);--awb-caption-title-font-style:var(--h2_typography-font-style);--awb-caption-title-size:var(--h2_typography-font-size);--awb-caption-title-transform:var(--h2_typography-text-transform);--awb-caption-title-line-height:var(--h2_typography-line-height);--awb-caption-title-letter-spacing:var(--h2_typography-letter-spacing);\"><span class=\" fusion-imageframe imageframe-none imageframe-2 hover-type-none\"><img decoding=\"async\" width=\"1024\" height=\"603\" alt=\"Casa Interior - Cocina moderna Inline\" title=\"Kuchentime Inline Alpine White in Alfaz de Pi Portada\" src=\"https:\/\/casa-interior.com\/wp-content\/uploads\/2019\/05\/Kuchentime-Inline-Alpine-White-in-Alfaz-de-Pi-Portada-1-1024x603.jpg\" class=\"img-responsive wp-image-20778\" srcset=\"https:\/\/casa-interior.com\/wp-content\/uploads\/2019\/05\/Kuchentime-Inline-Alpine-White-in-Alfaz-de-Pi-Portada-1-200x118.jpg 200w, https:\/\/casa-interior.com\/wp-content\/uploads\/2019\/05\/Kuchentime-Inline-Alpine-White-in-Alfaz-de-Pi-Portada-1-400x236.jpg 400w, https:\/\/casa-interior.com\/wp-content\/uploads\/2019\/05\/Kuchentime-Inline-Alpine-White-in-Alfaz-de-Pi-Portada-1-600x353.jpg 600w, https:\/\/casa-interior.com\/wp-content\/uploads\/2019\/05\/Kuchentime-Inline-Alpine-White-in-Alfaz-de-Pi-Portada-1-800x471.jpg 800w, https:\/\/casa-interior.com\/wp-content\/uploads\/2019\/05\/Kuchentime-Inline-Alpine-White-in-Alfaz-de-Pi-Portada-1-1200x707.jpg 1200w, https:\/\/casa-interior.com\/wp-content\/uploads\/2019\/05\/Kuchentime-Inline-Alpine-White-in-Alfaz-de-Pi-Portada-1.jpg 1280w\" sizes=\"(max-width: 800px) 100vw, 600px\" \/><\/span><\/div><div class=\"fusion-sep-clear\"><\/div><div class=\"fusion-separator fusion-full-width-sep\" style=\"margin-left: auto;margin-right: auto;margin-top:50px;width:100%;\"><\/div><div class=\"fusion-sep-clear\"><\/div><div class=\"fusion-image-element in-legacy-container\" style=\"--awb-caption-title-font-family:var(--h2_typography-font-family);--awb-caption-title-font-weight:var(--h2_typography-font-weight);--awb-caption-title-font-style:var(--h2_typography-font-style);--awb-caption-title-size:var(--h2_typography-font-size);--awb-caption-title-transform:var(--h2_typography-text-transform);--awb-caption-title-line-height:var(--h2_typography-line-height);--awb-caption-title-letter-spacing:var(--h2_typography-letter-spacing);\"><span class=\" fusion-imageframe imageframe-none imageframe-3 hover-type-none\"><img decoding=\"async\" width=\"1024\" height=\"603\" alt=\"Casa Interior - Cocina moderna Inline\" title=\"Kuchentime Inline Alpine White in Alfaz de Pi &#8211; Galeria 1\" src=\"https:\/\/casa-interior.com\/wp-content\/uploads\/2019\/05\/Kuchentime-Inline-Alpine-White-in-Alfaz-de-Pi-Galeria-1-1-1024x603.jpg\" class=\"img-responsive wp-image-20782\" srcset=\"https:\/\/casa-interior.com\/wp-content\/uploads\/2019\/05\/Kuchentime-Inline-Alpine-White-in-Alfaz-de-Pi-Galeria-1-1-200x118.jpg 200w, https:\/\/casa-interior.com\/wp-content\/uploads\/2019\/05\/Kuchentime-Inline-Alpine-White-in-Alfaz-de-Pi-Galeria-1-1-400x236.jpg 400w, https:\/\/casa-interior.com\/wp-content\/uploads\/2019\/05\/Kuchentime-Inline-Alpine-White-in-Alfaz-de-Pi-Galeria-1-1-600x353.jpg 600w, https:\/\/casa-interior.com\/wp-content\/uploads\/2019\/05\/Kuchentime-Inline-Alpine-White-in-Alfaz-de-Pi-Galeria-1-1-800x471.jpg 800w, https:\/\/casa-interior.com\/wp-content\/uploads\/2019\/05\/Kuchentime-Inline-Alpine-White-in-Alfaz-de-Pi-Galeria-1-1-1200x707.jpg 1200w, https:\/\/casa-interior.com\/wp-content\/uploads\/2019\/05\/Kuchentime-Inline-Alpine-White-in-Alfaz-de-Pi-Galeria-1-1.jpg 1280w\" sizes=\"(max-width: 800px) 100vw, 600px\" \/><\/span><\/div><div class=\"fusion-clearfix\"><\/div><\/div><\/div><\/div><\/div><\/p>\n","protected":false},"excerpt":{"rendered":"<p>Estamos muy orgullosos de haber aparecido en la revista Homify con un proyecto realizado el a\u00f1os pasado. Esperamos que os guste esta cocina moderna con puerta blanca.<\/p>\n","protected":false},"author":1,"featured_media":22920,"comment_status":"open","ping_status":"open","sticky":false,"template":"","format":"gallery","meta":{"footnotes":""},"categories":[1349],"tags":[1993,2027,920,1312,1297,2024,2026,1998,2023,1336,2025,2028],"class_list":["post-22917","post","type-post","status-publish","format-gallery","has-post-thumbnail","hentry","category-noticias","tag-2020-es","tag-articulo","tag-casa-interior-es","tag-cocina","tag-dekton-es","tag-homify-es","tag-inline-es","tag-inspiracion","tag-junio","tag-moderna","tag-proyecto","tag-revista","post_format-post-format-gallery"],"yoast_head":"<!-- This site is optimized with the Yoast SEO plugin v27.3 - https:\/\/yoast.com\/product\/yoast-seo-wordpress\/ -->\n<title>Casa Interior - Blog - Junio 2020 - Casa Interior y la revista Homify<\/title>\n<meta name=\"robots\" content=\"index, follow, max-snippet:-1, max-image-preview:large, max-video-preview:-1\" \/>\n<link rel=\"canonical\" href=\"https:\/\/casa-interior.com\/es\/2020\/06\/05\/casa-interior-covid-19-nuestro-punto-de-vista\/\" \/>\n<meta property=\"og:locale\" content=\"es_ES\" \/>\n<meta property=\"og:type\" content=\"article\" \/>\n<meta property=\"og:title\" content=\"Casa Interior - Blog - Junio 2020 - Casa Interior y la revista Homify\" \/>\n<meta property=\"og:description\" content=\"Estamos muy orgullosos de haber aparecido en la revista Homify con un proyecto realizado el a\u00f1os pasado. Esperamos que os guste esta cocina moderna con puerta blanca.\" \/>\n<meta property=\"og:url\" content=\"https:\/\/casa-interior.com\/es\/2020\/06\/05\/casa-interior-covid-19-nuestro-punto-de-vista\/\" \/>\n<meta property=\"og:site_name\" content=\"Casa Interior\" \/>\n<meta property=\"article:publisher\" content=\"https:\/\/www.facebook.com\/kitchens.costa.blanca\/\" \/>\n<meta property=\"article:published_time\" content=\"2020-06-05T09:14:48+00:00\" \/>\n<meta property=\"article:modified_time\" content=\"2020-06-08T15:25:59+00:00\" \/>\n<meta property=\"og:image\" content=\"https:\/\/casa-interior.com\/wp-content\/uploads\/2020\/06\/Homify.png\" \/>\n\t<meta property=\"og:image:width\" content=\"1000\" \/>\n\t<meta property=\"og:image:height\" content=\"1000\" \/>\n\t<meta property=\"og:image:type\" content=\"image\/png\" \/>\n<meta name=\"author\" content=\"niribas\" \/>\n<meta name=\"twitter:card\" content=\"summary_large_image\" \/>\n<meta name=\"twitter:label1\" content=\"Escrito por\" \/>\n\t<meta name=\"twitter:data1\" content=\"niribas\" \/>\n\t<meta name=\"twitter:label2\" content=\"Tiempo de lectura\" \/>\n\t<meta name=\"twitter:data2\" content=\"6 minutos\" \/>\n<script type=\"application\/ld+json\" class=\"yoast-schema-graph\">{\"@context\":\"https:\\\/\\\/schema.org\",\"@graph\":[{\"@type\":\"Article\",\"@id\":\"https:\\\/\\\/casa-interior.com\\\/es\\\/2020\\\/06\\\/05\\\/casa-interior-covid-19-nuestro-punto-de-vista\\\/#article\",\"isPartOf\":{\"@id\":\"https:\\\/\\\/casa-interior.com\\\/es\\\/2020\\\/06\\\/05\\\/casa-interior-covid-19-nuestro-punto-de-vista\\\/\"},\"author\":{\"name\":\"niribas\",\"@id\":\"https:\\\/\\\/casa-interior.com\\\/es\\\/#\\\/schema\\\/person\\\/20abc876fea262dc8fb98de5c5028bab\"},\"headline\":\"Nuestro proyecto en la revista Homify\",\"datePublished\":\"2020-06-05T09:14:48+00:00\",\"dateModified\":\"2020-06-08T15:25:59+00:00\",\"mainEntityOfPage\":{\"@id\":\"https:\\\/\\\/casa-interior.com\\\/es\\\/2020\\\/06\\\/05\\\/casa-interior-covid-19-nuestro-punto-de-vista\\\/\"},\"wordCount\":1174,\"commentCount\":0,\"publisher\":{\"@id\":\"https:\\\/\\\/casa-interior.com\\\/es\\\/#organization\"},\"image\":{\"@id\":\"https:\\\/\\\/casa-interior.com\\\/es\\\/2020\\\/06\\\/05\\\/casa-interior-covid-19-nuestro-punto-de-vista\\\/#primaryimage\"},\"thumbnailUrl\":\"https:\\\/\\\/casa-interior.com\\\/wp-content\\\/uploads\\\/2020\\\/06\\\/Homify.png\",\"keywords\":[\"2020\",\"art\u00edculo\",\"Casa Interior\",\"Cocina\",\"Dekton\",\"Homify\",\"Inline\",\"Inspiraci\u00f3n\",\"Junio\",\"Moderna\",\"Proyecto\",\"revista\"],\"articleSection\":[\"Noticias\"],\"inLanguage\":\"es\",\"potentialAction\":[{\"@type\":\"CommentAction\",\"name\":\"Comment\",\"target\":[\"https:\\\/\\\/casa-interior.com\\\/es\\\/2020\\\/06\\\/05\\\/casa-interior-covid-19-nuestro-punto-de-vista\\\/#respond\"]}]},{\"@type\":\"WebPage\",\"@id\":\"https:\\\/\\\/casa-interior.com\\\/es\\\/2020\\\/06\\\/05\\\/casa-interior-covid-19-nuestro-punto-de-vista\\\/\",\"url\":\"https:\\\/\\\/casa-interior.com\\\/es\\\/2020\\\/06\\\/05\\\/casa-interior-covid-19-nuestro-punto-de-vista\\\/\",\"name\":\"Casa Interior - Blog - Junio 2020 - Casa Interior y la revista Homify\",\"isPartOf\":{\"@id\":\"https:\\\/\\\/casa-interior.com\\\/es\\\/#website\"},\"primaryImageOfPage\":{\"@id\":\"https:\\\/\\\/casa-interior.com\\\/es\\\/2020\\\/06\\\/05\\\/casa-interior-covid-19-nuestro-punto-de-vista\\\/#primaryimage\"},\"image\":{\"@id\":\"https:\\\/\\\/casa-interior.com\\\/es\\\/2020\\\/06\\\/05\\\/casa-interior-covid-19-nuestro-punto-de-vista\\\/#primaryimage\"},\"thumbnailUrl\":\"https:\\\/\\\/casa-interior.com\\\/wp-content\\\/uploads\\\/2020\\\/06\\\/Homify.png\",\"datePublished\":\"2020-06-05T09:14:48+00:00\",\"dateModified\":\"2020-06-08T15:25:59+00:00\",\"breadcrumb\":{\"@id\":\"https:\\\/\\\/casa-interior.com\\\/es\\\/2020\\\/06\\\/05\\\/casa-interior-covid-19-nuestro-punto-de-vista\\\/#breadcrumb\"},\"inLanguage\":\"es\",\"potentialAction\":[{\"@type\":\"ReadAction\",\"target\":[\"https:\\\/\\\/casa-interior.com\\\/es\\\/2020\\\/06\\\/05\\\/casa-interior-covid-19-nuestro-punto-de-vista\\\/\"]}]},{\"@type\":\"ImageObject\",\"inLanguage\":\"es\",\"@id\":\"https:\\\/\\\/casa-interior.com\\\/es\\\/2020\\\/06\\\/05\\\/casa-interior-covid-19-nuestro-punto-de-vista\\\/#primaryimage\",\"url\":\"https:\\\/\\\/casa-interior.com\\\/wp-content\\\/uploads\\\/2020\\\/06\\\/Homify.png\",\"contentUrl\":\"https:\\\/\\\/casa-interior.com\\\/wp-content\\\/uploads\\\/2020\\\/06\\\/Homify.png\",\"width\":1000,\"height\":1000,\"caption\":\"Homify\"},{\"@type\":\"BreadcrumbList\",\"@id\":\"https:\\\/\\\/casa-interior.com\\\/es\\\/2020\\\/06\\\/05\\\/casa-interior-covid-19-nuestro-punto-de-vista\\\/#breadcrumb\",\"itemListElement\":[{\"@type\":\"ListItem\",\"position\":1,\"name\":\"Portada\",\"item\":\"https:\\\/\\\/casa-interior.com\\\/es\\\/casa-interior\\\/\"},{\"@type\":\"ListItem\",\"position\":2,\"name\":\"Nuestro proyecto en la revista Homify\"}]},{\"@type\":\"WebSite\",\"@id\":\"https:\\\/\\\/casa-interior.com\\\/es\\\/#website\",\"url\":\"https:\\\/\\\/casa-interior.com\\\/es\\\/\",\"name\":\"Casa Interior\",\"description\":\"Kitchen Designers in Costa Blanca\",\"publisher\":{\"@id\":\"https:\\\/\\\/casa-interior.com\\\/es\\\/#organization\"},\"potentialAction\":[{\"@type\":\"SearchAction\",\"target\":{\"@type\":\"EntryPoint\",\"urlTemplate\":\"https:\\\/\\\/casa-interior.com\\\/es\\\/?s={search_term_string}\"},\"query-input\":{\"@type\":\"PropertyValueSpecification\",\"valueRequired\":true,\"valueName\":\"search_term_string\"}}],\"inLanguage\":\"es\"},{\"@type\":\"Organization\",\"@id\":\"https:\\\/\\\/casa-interior.com\\\/es\\\/#organization\",\"name\":\"Casa Interior\",\"url\":\"https:\\\/\\\/casa-interior.com\\\/es\\\/\",\"logo\":{\"@type\":\"ImageObject\",\"inLanguage\":\"es\",\"@id\":\"https:\\\/\\\/casa-interior.com\\\/es\\\/#\\\/schema\\\/logo\\\/image\\\/\",\"url\":\"https:\\\/\\\/casa-interior.com\\\/wp-content\\\/uploads\\\/2018\\\/03\\\/Logo-Casa-Interior-nuevo-150px.png\",\"contentUrl\":\"https:\\\/\\\/casa-interior.com\\\/wp-content\\\/uploads\\\/2018\\\/03\\\/Logo-Casa-Interior-nuevo-150px.png\",\"width\":150,\"height\":150,\"caption\":\"Casa Interior\"},\"image\":{\"@id\":\"https:\\\/\\\/casa-interior.com\\\/es\\\/#\\\/schema\\\/logo\\\/image\\\/\"},\"sameAs\":[\"https:\\\/\\\/www.facebook.com\\\/kitchens.costa.blanca\\\/\",\"https:\\\/\\\/www.instagram.com\\\/casainterioraltea\"]},{\"@type\":\"Person\",\"@id\":\"https:\\\/\\\/casa-interior.com\\\/es\\\/#\\\/schema\\\/person\\\/20abc876fea262dc8fb98de5c5028bab\",\"name\":\"niribas\",\"image\":{\"@type\":\"ImageObject\",\"inLanguage\":\"es\",\"@id\":\"https:\\\/\\\/secure.gravatar.com\\\/avatar\\\/cb35377b7c77649f38257f3ba6dc37b9c641db662db8478298a0d0522c4224a9?s=96&d=mm&r=g\",\"url\":\"https:\\\/\\\/secure.gravatar.com\\\/avatar\\\/cb35377b7c77649f38257f3ba6dc37b9c641db662db8478298a0d0522c4224a9?s=96&d=mm&r=g\",\"contentUrl\":\"https:\\\/\\\/secure.gravatar.com\\\/avatar\\\/cb35377b7c77649f38257f3ba6dc37b9c641db662db8478298a0d0522c4224a9?s=96&d=mm&r=g\",\"caption\":\"niribas\"},\"url\":\"https:\\\/\\\/casa-interior.com\\\/es\\\/author\\\/niribas\\\/\"}]}<\/script>\n<!-- \/ Yoast SEO plugin. -->","yoast_head_json":{"title":"Casa Interior - Blog - Junio 2020 - Casa Interior y la revista Homify","robots":{"index":"index","follow":"follow","max-snippet":"max-snippet:-1","max-image-preview":"max-image-preview:large","max-video-preview":"max-video-preview:-1"},"canonical":"https:\/\/casa-interior.com\/es\/2020\/06\/05\/casa-interior-covid-19-nuestro-punto-de-vista\/","og_locale":"es_ES","og_type":"article","og_title":"Casa Interior - Blog - Junio 2020 - Casa Interior y la revista Homify","og_description":"Estamos muy orgullosos de haber aparecido en la revista Homify con un proyecto realizado el a\u00f1os pasado. Esperamos que os guste esta cocina moderna con puerta blanca.","og_url":"https:\/\/casa-interior.com\/es\/2020\/06\/05\/casa-interior-covid-19-nuestro-punto-de-vista\/","og_site_name":"Casa Interior","article_publisher":"https:\/\/www.facebook.com\/kitchens.costa.blanca\/","article_published_time":"2020-06-05T09:14:48+00:00","article_modified_time":"2020-06-08T15:25:59+00:00","og_image":[{"width":1000,"height":1000,"url":"https:\/\/casa-interior.com\/wp-content\/uploads\/2020\/06\/Homify.png","type":"image\/png"}],"author":"niribas","twitter_card":"summary_large_image","twitter_misc":{"Escrito por":"niribas","Tiempo de lectura":"6 minutos"},"schema":{"@context":"https:\/\/schema.org","@graph":[{"@type":"Article","@id":"https:\/\/casa-interior.com\/es\/2020\/06\/05\/casa-interior-covid-19-nuestro-punto-de-vista\/#article","isPartOf":{"@id":"https:\/\/casa-interior.com\/es\/2020\/06\/05\/casa-interior-covid-19-nuestro-punto-de-vista\/"},"author":{"name":"niribas","@id":"https:\/\/casa-interior.com\/es\/#\/schema\/person\/20abc876fea262dc8fb98de5c5028bab"},"headline":"Nuestro proyecto en la revista Homify","datePublished":"2020-06-05T09:14:48+00:00","dateModified":"2020-06-08T15:25:59+00:00","mainEntityOfPage":{"@id":"https:\/\/casa-interior.com\/es\/2020\/06\/05\/casa-interior-covid-19-nuestro-punto-de-vista\/"},"wordCount":1174,"commentCount":0,"publisher":{"@id":"https:\/\/casa-interior.com\/es\/#organization"},"image":{"@id":"https:\/\/casa-interior.com\/es\/2020\/06\/05\/casa-interior-covid-19-nuestro-punto-de-vista\/#primaryimage"},"thumbnailUrl":"https:\/\/casa-interior.com\/wp-content\/uploads\/2020\/06\/Homify.png","keywords":["2020","art\u00edculo","Casa Interior","Cocina","Dekton","Homify","Inline","Inspiraci\u00f3n","Junio","Moderna","Proyecto","revista"],"articleSection":["Noticias"],"inLanguage":"es","potentialAction":[{"@type":"CommentAction","name":"Comment","target":["https:\/\/casa-interior.com\/es\/2020\/06\/05\/casa-interior-covid-19-nuestro-punto-de-vista\/#respond"]}]},{"@type":"WebPage","@id":"https:\/\/casa-interior.com\/es\/2020\/06\/05\/casa-interior-covid-19-nuestro-punto-de-vista\/","url":"https:\/\/casa-interior.com\/es\/2020\/06\/05\/casa-interior-covid-19-nuestro-punto-de-vista\/","name":"Casa Interior - Blog - Junio 2020 - Casa Interior y la revista Homify","isPartOf":{"@id":"https:\/\/casa-interior.com\/es\/#website"},"primaryImageOfPage":{"@id":"https:\/\/casa-interior.com\/es\/2020\/06\/05\/casa-interior-covid-19-nuestro-punto-de-vista\/#primaryimage"},"image":{"@id":"https:\/\/casa-interior.com\/es\/2020\/06\/05\/casa-interior-covid-19-nuestro-punto-de-vista\/#primaryimage"},"thumbnailUrl":"https:\/\/casa-interior.com\/wp-content\/uploads\/2020\/06\/Homify.png","datePublished":"2020-06-05T09:14:48+00:00","dateModified":"2020-06-08T15:25:59+00:00","breadcrumb":{"@id":"https:\/\/casa-interior.com\/es\/2020\/06\/05\/casa-interior-covid-19-nuestro-punto-de-vista\/#breadcrumb"},"inLanguage":"es","potentialAction":[{"@type":"ReadAction","target":["https:\/\/casa-interior.com\/es\/2020\/06\/05\/casa-interior-covid-19-nuestro-punto-de-vista\/"]}]},{"@type":"ImageObject","inLanguage":"es","@id":"https:\/\/casa-interior.com\/es\/2020\/06\/05\/casa-interior-covid-19-nuestro-punto-de-vista\/#primaryimage","url":"https:\/\/casa-interior.com\/wp-content\/uploads\/2020\/06\/Homify.png","contentUrl":"https:\/\/casa-interior.com\/wp-content\/uploads\/2020\/06\/Homify.png","width":1000,"height":1000,"caption":"Homify"},{"@type":"BreadcrumbList","@id":"https:\/\/casa-interior.com\/es\/2020\/06\/05\/casa-interior-covid-19-nuestro-punto-de-vista\/#breadcrumb","itemListElement":[{"@type":"ListItem","position":1,"name":"Portada","item":"https:\/\/casa-interior.com\/es\/casa-interior\/"},{"@type":"ListItem","position":2,"name":"Nuestro proyecto en la revista Homify"}]},{"@type":"WebSite","@id":"https:\/\/casa-interior.com\/es\/#website","url":"https:\/\/casa-interior.com\/es\/","name":"Casa Interior","description":"Kitchen Designers in Costa Blanca","publisher":{"@id":"https:\/\/casa-interior.com\/es\/#organization"},"potentialAction":[{"@type":"SearchAction","target":{"@type":"EntryPoint","urlTemplate":"https:\/\/casa-interior.com\/es\/?s={search_term_string}"},"query-input":{"@type":"PropertyValueSpecification","valueRequired":true,"valueName":"search_term_string"}}],"inLanguage":"es"},{"@type":"Organization","@id":"https:\/\/casa-interior.com\/es\/#organization","name":"Casa Interior","url":"https:\/\/casa-interior.com\/es\/","logo":{"@type":"ImageObject","inLanguage":"es","@id":"https:\/\/casa-interior.com\/es\/#\/schema\/logo\/image\/","url":"https:\/\/casa-interior.com\/wp-content\/uploads\/2018\/03\/Logo-Casa-Interior-nuevo-150px.png","contentUrl":"https:\/\/casa-interior.com\/wp-content\/uploads\/2018\/03\/Logo-Casa-Interior-nuevo-150px.png","width":150,"height":150,"caption":"Casa Interior"},"image":{"@id":"https:\/\/casa-interior.com\/es\/#\/schema\/logo\/image\/"},"sameAs":["https:\/\/www.facebook.com\/kitchens.costa.blanca\/","https:\/\/www.instagram.com\/casainterioraltea"]},{"@type":"Person","@id":"https:\/\/casa-interior.com\/es\/#\/schema\/person\/20abc876fea262dc8fb98de5c5028bab","name":"niribas","image":{"@type":"ImageObject","inLanguage":"es","@id":"https:\/\/secure.gravatar.com\/avatar\/cb35377b7c77649f38257f3ba6dc37b9c641db662db8478298a0d0522c4224a9?s=96&d=mm&r=g","url":"https:\/\/secure.gravatar.com\/avatar\/cb35377b7c77649f38257f3ba6dc37b9c641db662db8478298a0d0522c4224a9?s=96&d=mm&r=g","contentUrl":"https:\/\/secure.gravatar.com\/avatar\/cb35377b7c77649f38257f3ba6dc37b9c641db662db8478298a0d0522c4224a9?s=96&d=mm&r=g","caption":"niribas"},"url":"https:\/\/casa-interior.com\/es\/author\/niribas\/"}]}},"_links":{"self":[{"href":"https:\/\/casa-interior.com\/es\/wp-json\/wp\/v2\/posts\/22917","targetHints":{"allow":["GET"]}}],"collection":[{"href":"https:\/\/casa-interior.com\/es\/wp-json\/wp\/v2\/posts"}],"about":[{"href":"https:\/\/casa-interior.com\/es\/wp-json\/wp\/v2\/types\/post"}],"author":[{"embeddable":true,"href":"https:\/\/casa-interior.com\/es\/wp-json\/wp\/v2\/users\/1"}],"replies":[{"embeddable":true,"href":"https:\/\/casa-interior.com\/es\/wp-json\/wp\/v2\/comments?post=22917"}],"version-history":[{"count":0,"href":"https:\/\/casa-interior.com\/es\/wp-json\/wp\/v2\/posts\/22917\/revisions"}],"wp:featuredmedia":[{"embeddable":true,"href":"https:\/\/casa-interior.com\/es\/wp-json\/wp\/v2\/media\/22920"}],"wp:attachment":[{"href":"https:\/\/casa-interior.com\/es\/wp-json\/wp\/v2\/media?parent=22917"}],"wp:term":[{"taxonomy":"category","embeddable":true,"href":"https:\/\/casa-interior.com\/es\/wp-json\/wp\/v2\/categories?post=22917"},{"taxonomy":"post_tag","embeddable":true,"href":"https:\/\/casa-interior.com\/es\/wp-json\/wp\/v2\/tags?post=22917"}],"curies":[{"name":"wp","href":"https:\/\/api.w.org\/{rel}","templated":true}]}}