{"id":28151,"date":"2022-12-01T12:00:30","date_gmt":"2022-12-01T11:00:30","guid":{"rendered":"https:\/\/casa-interior.com\/?p=28151"},"modified":"2026-04-19T13:46:34","modified_gmt":"2026-04-19T11:46:34","slug":"nobilia-nuevas-tendencias-para-2023","status":"publish","type":"post","link":"https:\/\/casa-interior.com\/es\/2022\/12\/01\/nobilia-nuevas-tendencias-para-2023\/","title":{"rendered":"Nobilia: Nuevas tendencias para 2023"},"content":{"rendered":"<p><div class=\"fusion-fullwidth fullwidth-box fusion-builder-row-1 nonhundred-percent-fullwidth non-hundred-percent-height-scrolling\" style=\"--awb-background-position:left top;--awb-border-sizes-top:0px;--awb-border-sizes-bottom:0px;--awb-border-sizes-left:0px;--awb-border-sizes-right:0px;--awb-border-radius-top-left:0px;--awb-border-radius-top-right:0px;--awb-border-radius-bottom-right:0px;--awb-border-radius-bottom-left:0px;--awb-padding-top:20px;--awb-padding-bottom:20px;--awb-flex-wrap:wrap;\" ><div class=\"fusion-builder-row fusion-row\"><div class=\"fusion-layout-column fusion_builder_column fusion-builder-column-0 fusion_builder_column_1_1 1_1 fusion-one-full fusion-column-first fusion-column-last\" style=\"--awb-padding-right:10%;--awb-padding-left:10%;--awb-bg-size:cover;\"><div class=\"fusion-column-wrapper fusion-flex-column-wrapper-legacy\"><div class=\"fusion-title title fusion-title-1 fusion-sep-none fusion-title-center fusion-title-text fusion-title-size-one\" style=\"--awb-margin-top-small:0px;--awb-margin-right-small:0px;--awb-margin-bottom-small:20px;--awb-margin-left-small:0px;\"><h1 class=\"fusion-title-heading title-heading-center fusion-responsive-typography-calculated\" style=\"margin:0;--fontSize:70;line-height:1.4;\"><h1 style=\"font-size: 50px; font-weight: 500;\">Nobilia: Nuevas tendencias 2023<\/h1><\/h1><\/div><div class=\"fusion-image-element fusion-image-align-center in-legacy-container\" style=\"text-align:center;--awb-caption-title-font-family:var(--h2_typography-font-family);--awb-caption-title-font-weight:var(--h2_typography-font-weight);--awb-caption-title-font-style:var(--h2_typography-font-style);--awb-caption-title-size:var(--h2_typography-font-size);--awb-caption-title-transform:var(--h2_typography-text-transform);--awb-caption-title-line-height:var(--h2_typography-line-height);--awb-caption-title-letter-spacing:var(--h2_typography-letter-spacing);\"><div class=\"imageframe-align-center\"><span class=\" fusion-imageframe imageframe-none imageframe-1 hover-type-none\"><img decoding=\"async\" width=\"54\" height=\"60\" title=\"Separador-Casa-Interior\" src=\"https:\/\/casa-interior.com\/wp-content\/uploads\/2018\/03\/Separador-Casa-Interior-1.png\" alt class=\"img-responsive wp-image-11980\"\/><\/span><\/div><\/div><div class=\"fusion-sep-clear\"><\/div><div class=\"fusion-separator fusion-full-width-sep\" style=\"margin-left: auto;margin-right: auto;margin-top:20px;width:100%;\"><\/div><div class=\"fusion-sep-clear\"><\/div><div class=\"fusion-text fusion-text-1\"><p style=\"font-weight: 16px; letter-spacing: 2px; text-align: center;\">Noticias Casa Interior \u2022 \u00a0 Diciembre, 2022<\/p>\n<\/div><div class=\"fusion-sep-clear\"><\/div><div class=\"fusion-separator fusion-full-width-sep\" style=\"margin-left: auto;margin-right: auto;margin-top:50px;width:100%;\"><\/div><div class=\"fusion-sep-clear\"><\/div><div class=\"fusion-clearfix\"><\/div><\/div><\/div><\/div><\/div><div class=\"fusion-fullwidth fullwidth-box fusion-builder-row-2 nonhundred-percent-fullwidth non-hundred-percent-height-scrolling\" style=\"--awb-border-radius-top-left:0px;--awb-border-radius-top-right:0px;--awb-border-radius-bottom-right:0px;--awb-border-radius-bottom-left:0px;--awb-flex-wrap:wrap;\" ><div class=\"fusion-builder-row fusion-row\"><div class=\"fusion-layout-column fusion_builder_column fusion-builder-column-1 fusion_builder_column_1_2 1_2 fusion-one-half fusion-column-first\" style=\"--awb-bg-size:cover;width:50%;width:calc(50% - ( ( 4% ) * 0.5 ) );margin-right: 4%;\"><div class=\"fusion-column-wrapper fusion-column-has-shadow fusion-flex-column-wrapper-legacy\"><div class=\"fusion-title title fusion-title-2 fusion-sep-none fusion-title-center fusion-title-text fusion-title-size-four\" style=\"--awb-margin-top-small:0px;--awb-margin-right-small:0px;--awb-margin-bottom-small:20px;--awb-margin-left-small:0px;\"><h4 class=\"fusion-title-heading title-heading-center fusion-responsive-typography-calculated\" style=\"margin:0;--fontSize:30;line-height:1.5;\">EASYTOUCH 970<\/h4><\/div><div class=\"fusion-image-element in-legacy-container\" style=\"--awb-caption-title-font-family:var(--h2_typography-font-family);--awb-caption-title-font-weight:var(--h2_typography-font-weight);--awb-caption-title-font-style:var(--h2_typography-font-style);--awb-caption-title-size:var(--h2_typography-font-size);--awb-caption-title-transform:var(--h2_typography-text-transform);--awb-caption-title-line-height:var(--h2_typography-line-height);--awb-caption-title-letter-spacing:var(--h2_typography-letter-spacing);\"><span class=\" fusion-imageframe imageframe-none imageframe-2 hover-type-none\"><a class=\"fusion-no-lightbox\" href=\"https:\/\/casa-interior.com\/es\/portfolio-items\/kuchentime-easytouch-970\/\" target=\"_blank\" aria-label=\"Cocina moderna K\u00fcchentime Easytouch 970 Line N\" rel=\"noopener noreferrer\"><img decoding=\"async\" width=\"1024\" height=\"768\" alt=\"Cocina moderna K\u00fcchentime Easytouch 970 Line N\" src=\"https:\/\/casa-interior.com\/wp-content\/uploads\/2022\/11\/Kuchentime-Easytouch-970-Line-N-1-1-1024x768.jpg\" class=\"img-responsive wp-image-28095\" srcset=\"https:\/\/casa-interior.com\/wp-content\/uploads\/2022\/11\/Kuchentime-Easytouch-970-Line-N-1-1-200x150.jpg 200w, https:\/\/casa-interior.com\/wp-content\/uploads\/2022\/11\/Kuchentime-Easytouch-970-Line-N-1-1-400x300.jpg 400w, https:\/\/casa-interior.com\/wp-content\/uploads\/2022\/11\/Kuchentime-Easytouch-970-Line-N-1-1-600x450.jpg 600w, https:\/\/casa-interior.com\/wp-content\/uploads\/2022\/11\/Kuchentime-Easytouch-970-Line-N-1-1-800x600.jpg 800w, https:\/\/casa-interior.com\/wp-content\/uploads\/2022\/11\/Kuchentime-Easytouch-970-Line-N-1-1-1200x900.jpg 1200w, https:\/\/casa-interior.com\/wp-content\/uploads\/2022\/11\/Kuchentime-Easytouch-970-Line-N-1-1.jpg 1600w\" sizes=\"(max-width: 800px) 100vw, 600px\" \/><\/a><\/span><\/div><div class=\"fusion-sep-clear\"><\/div><div class=\"fusion-separator fusion-full-width-sep\" style=\"margin-left: auto;margin-right: auto;margin-top:50px;width:100%;\"><\/div><div class=\"fusion-sep-clear\"><\/div><div class=\"fusion-text fusion-text-2\"><p>Los matices grises siguen marcando la tendencia en el dise\u00f1o de interiores. Novedad en Easytouch: el gris taup\u00e9, un gris c\u00e1lido con un toque de marr\u00f3n, sutil y un efecto impresionante. Como tono neutro, el gris taup\u00e9 crea un ambiente tranquilo y relajado, y representa un estilo moderno y muy elegante.<\/p>\n<\/div><div class=\"fusion-clearfix\"><\/div><\/div><\/div><div class=\"fusion-layout-column fusion_builder_column fusion-builder-column-2 fusion_builder_column_1_2 1_2 fusion-one-half fusion-column-last\" style=\"--awb-bg-size:cover;width:50%;width:calc(50% - ( ( 4% ) * 0.5 ) );\"><div class=\"fusion-column-wrapper fusion-column-has-shadow fusion-flex-column-wrapper-legacy\"><div class=\"fusion-title title fusion-title-3 fusion-sep-none fusion-title-center fusion-title-text fusion-title-size-four\" style=\"--awb-margin-top-small:0px;--awb-margin-right-small:0px;--awb-margin-bottom-small:20px;--awb-margin-left-small:0px;\"><h4 class=\"fusion-title-heading title-heading-center fusion-responsive-typography-calculated\" style=\"margin:0;--fontSize:30;line-height:1.5;\">EASYTOUCH 968<\/h4><\/div><div class=\"fusion-image-element in-legacy-container\" style=\"--awb-caption-title-font-family:var(--h2_typography-font-family);--awb-caption-title-font-weight:var(--h2_typography-font-weight);--awb-caption-title-font-style:var(--h2_typography-font-style);--awb-caption-title-size:var(--h2_typography-font-size);--awb-caption-title-transform:var(--h2_typography-text-transform);--awb-caption-title-line-height:var(--h2_typography-line-height);--awb-caption-title-letter-spacing:var(--h2_typography-letter-spacing);\"><span class=\" fusion-imageframe imageframe-none imageframe-3 hover-type-none\"><a class=\"fusion-no-lightbox\" href=\"https:\/\/casa-interior.com\/es\/portfolio-items\/kuchentime-easytouch-968\/\" target=\"_blank\" aria-label=\"Cocina moderna K\u00fcchentime Easytouch 968\" rel=\"noopener noreferrer\"><img decoding=\"async\" width=\"1024\" height=\"768\" alt=\"Cocina moderna K\u00fcchentime Easytouch 968\" src=\"https:\/\/casa-interior.com\/wp-content\/uploads\/2022\/11\/Kuchentime-Easytouch-968-1-1-1024x768.jpg\" class=\"img-responsive wp-image-28081\" srcset=\"https:\/\/casa-interior.com\/wp-content\/uploads\/2022\/11\/Kuchentime-Easytouch-968-1-1-200x150.jpg 200w, https:\/\/casa-interior.com\/wp-content\/uploads\/2022\/11\/Kuchentime-Easytouch-968-1-1-400x300.jpg 400w, https:\/\/casa-interior.com\/wp-content\/uploads\/2022\/11\/Kuchentime-Easytouch-968-1-1-600x450.jpg 600w, https:\/\/casa-interior.com\/wp-content\/uploads\/2022\/11\/Kuchentime-Easytouch-968-1-1-800x600.jpg 800w, https:\/\/casa-interior.com\/wp-content\/uploads\/2022\/11\/Kuchentime-Easytouch-968-1-1-1200x900.jpg 1200w, https:\/\/casa-interior.com\/wp-content\/uploads\/2022\/11\/Kuchentime-Easytouch-968-1-1.jpg 1600w\" sizes=\"(max-width: 800px) 100vw, 600px\" \/><\/a><\/span><\/div><div class=\"fusion-sep-clear\"><\/div><div class=\"fusion-separator fusion-full-width-sep\" style=\"margin-left: auto;margin-right: auto;margin-top:50px;width:100%;\"><\/div><div class=\"fusion-sep-clear\"><\/div><div class=\"fusion-text fusion-text-3\"><p>Las cocinas blancas son uno de nuestros cl\u00e1sicos m\u00e1s populares. Se pueden combinar de muchas maneras y redise\u00f1ar una y otra vez. Nuevo: el Easytouch ultramate en blanco claro. El probado revestimiento antihuellas hace que sea incre\u00edblemente f\u00e1cil de cuidar y limpiar, y extremadamente resistente a una gran cantidad de sustancias diferentes.<\/p>\n<\/div><div class=\"fusion-clearfix\"><\/div><\/div><\/div><div class=\"fusion-layout-column fusion_builder_column fusion-builder-column-3 fusion_builder_column_1_1 1_1 fusion-one-full fusion-column-first fusion-column-last\" style=\"--awb-bg-size:cover;\"><div class=\"fusion-column-wrapper fusion-column-has-shadow fusion-flex-column-wrapper-legacy\"><div class=\"fusion-sep-clear\"><\/div><div class=\"fusion-separator fusion-full-width-sep\" style=\"margin-left: auto;margin-right: auto;margin-top:50px;width:100%;\"><\/div><div class=\"fusion-sep-clear\"><\/div><div class=\"fusion-clearfix\"><\/div><\/div><\/div><div class=\"fusion-layout-column fusion_builder_column fusion-builder-column-4 fusion_builder_column_1_2 1_2 fusion-one-half fusion-column-first\" style=\"--awb-bg-size:cover;width:50%;width:calc(50% - ( ( 4% ) * 0.5 ) );margin-right: 4%;\"><div class=\"fusion-column-wrapper fusion-column-has-shadow fusion-flex-column-wrapper-legacy\"><div class=\"fusion-title title fusion-title-4 fusion-sep-none fusion-title-center fusion-title-text fusion-title-size-four\" style=\"--awb-margin-top-small:0px;--awb-margin-right-small:0px;--awb-margin-bottom-small:20px;--awb-margin-left-small:0px;\"><h4 class=\"fusion-title-heading title-heading-center fusion-responsive-typography-calculated\" style=\"margin:0;--fontSize:30;line-height:1.5;\">CASCADA 778<\/h4><\/div><div class=\"fusion-image-element in-legacy-container\" style=\"--awb-caption-title-font-family:var(--h2_typography-font-family);--awb-caption-title-font-weight:var(--h2_typography-font-weight);--awb-caption-title-font-style:var(--h2_typography-font-style);--awb-caption-title-size:var(--h2_typography-font-size);--awb-caption-title-transform:var(--h2_typography-text-transform);--awb-caption-title-line-height:var(--h2_typography-line-height);--awb-caption-title-letter-spacing:var(--h2_typography-letter-spacing);\"><span class=\" fusion-imageframe imageframe-none imageframe-4 hover-type-none\"><a class=\"fusion-no-lightbox\" href=\"https:\/\/casa-interior.com\/es\/portfolio-items\/kuchentime-cascada-778\/\" target=\"_blank\" aria-label=\"Cocina cl\u00e1sica K\u00fcchentime Cascada 778\" rel=\"noopener noreferrer\"><img decoding=\"async\" width=\"1024\" height=\"768\" alt=\"Cocina cl\u00e1sica K\u00fcchentime Cascada 778\" src=\"https:\/\/casa-interior.com\/wp-content\/uploads\/2022\/11\/Kuchentime-Cascada-778-1-1-1024x768.jpg\" class=\"img-responsive wp-image-27992\" srcset=\"https:\/\/casa-interior.com\/wp-content\/uploads\/2022\/11\/Kuchentime-Cascada-778-1-1-200x150.jpg 200w, https:\/\/casa-interior.com\/wp-content\/uploads\/2022\/11\/Kuchentime-Cascada-778-1-1-400x300.jpg 400w, https:\/\/casa-interior.com\/wp-content\/uploads\/2022\/11\/Kuchentime-Cascada-778-1-1-600x450.jpg 600w, https:\/\/casa-interior.com\/wp-content\/uploads\/2022\/11\/Kuchentime-Cascada-778-1-1-800x600.jpg 800w, https:\/\/casa-interior.com\/wp-content\/uploads\/2022\/11\/Kuchentime-Cascada-778-1-1-1200x900.jpg 1200w, https:\/\/casa-interior.com\/wp-content\/uploads\/2022\/11\/Kuchentime-Cascada-778-1-1.jpg 1600w\" sizes=\"(max-width: 800px) 100vw, 600px\" \/><\/a><\/span><\/div><div class=\"fusion-sep-clear\"><\/div><div class=\"fusion-separator fusion-full-width-sep\" style=\"margin-left: auto;margin-right: auto;margin-top:50px;width:100%;\"><\/div><div class=\"fusion-sep-clear\"><\/div><div class=\"fusion-text fusion-text-4\"><p>Nuestro modelo en estilo r\u00fastico Cascada se actualiza con el azul fiordo inspirado en el norte. Un color que ya celebr\u00f3 su exitoso debut el a\u00f1o pasado con Easytouch. Con su efecto calmante, el azul fiordo enriquece ahora tambi\u00e9n el segmento de estilo r\u00fastico. Ventaja en la planificaci\u00f3n: Ahora se pueden realizar f\u00e1cilmente dise\u00f1os completos de colores y combinaciones modernas de frentes de marco y frentes rectos. Complemento perfecto: pilastras y cornisas que se integran armoniosamente y aportan un toque estil\u00edstico.<\/p>\n<\/div><div class=\"fusion-clearfix\"><\/div><\/div><\/div><div class=\"fusion-layout-column fusion_builder_column fusion-builder-column-5 fusion_builder_column_1_2 1_2 fusion-one-half fusion-column-last\" style=\"--awb-bg-size:cover;width:50%;width:calc(50% - ( ( 4% ) * 0.5 ) );\"><div class=\"fusion-column-wrapper fusion-column-has-shadow fusion-flex-column-wrapper-legacy\"><div class=\"fusion-title title fusion-title-5 fusion-sep-none fusion-title-center fusion-title-text fusion-title-size-four\" style=\"--awb-margin-top-small:0px;--awb-margin-right-small:0px;--awb-margin-bottom-small:20px;--awb-margin-left-small:0px;\"><h4 class=\"fusion-title-heading title-heading-center fusion-responsive-typography-calculated\" style=\"margin:0;--fontSize:30;line-height:1.5;\">RIVA 843<\/h4><\/div><div class=\"fusion-image-element in-legacy-container\" style=\"--awb-caption-title-font-family:var(--h2_typography-font-family);--awb-caption-title-font-weight:var(--h2_typography-font-weight);--awb-caption-title-font-style:var(--h2_typography-font-style);--awb-caption-title-size:var(--h2_typography-font-size);--awb-caption-title-transform:var(--h2_typography-text-transform);--awb-caption-title-line-height:var(--h2_typography-line-height);--awb-caption-title-letter-spacing:var(--h2_typography-letter-spacing);\"><span class=\" fusion-imageframe imageframe-none imageframe-5 hover-type-none\"><a class=\"fusion-no-lightbox\" href=\"https:\/\/casa-interior.com\/es\/portfolio-items\/kuchentime-riva-843-2\/\" target=\"_blank\" aria-label=\"K\u00fcchentime Riva 843 Line N\" rel=\"noopener noreferrer\"><img decoding=\"async\" width=\"1024\" height=\"768\" alt=\"Cocina moderna K\u00fcchentime Riva 843 Line N\" src=\"https:\/\/casa-interior.com\/wp-content\/uploads\/2022\/11\/Kuchentime-Riva-843-Line-N-1-1-1024x768.jpg\" class=\"img-responsive wp-image-28029\" srcset=\"https:\/\/casa-interior.com\/wp-content\/uploads\/2022\/11\/Kuchentime-Riva-843-Line-N-1-1-200x150.jpg 200w, https:\/\/casa-interior.com\/wp-content\/uploads\/2022\/11\/Kuchentime-Riva-843-Line-N-1-1-400x300.jpg 400w, https:\/\/casa-interior.com\/wp-content\/uploads\/2022\/11\/Kuchentime-Riva-843-Line-N-1-1-600x450.jpg 600w, https:\/\/casa-interior.com\/wp-content\/uploads\/2022\/11\/Kuchentime-Riva-843-Line-N-1-1-800x600.jpg 800w, https:\/\/casa-interior.com\/wp-content\/uploads\/2022\/11\/Kuchentime-Riva-843-Line-N-1-1-1200x900.jpg 1200w, https:\/\/casa-interior.com\/wp-content\/uploads\/2022\/11\/Kuchentime-Riva-843-Line-N-1-1.jpg 1600w\" sizes=\"(max-width: 800px) 100vw, 600px\" \/><\/a><\/span><\/div><div class=\"fusion-sep-clear\"><\/div><div class=\"fusion-separator fusion-full-width-sep\" style=\"margin-left: auto;margin-right: auto;margin-top:50px;width:100%;\"><\/div><div class=\"fusion-sep-clear\"><\/div><div class=\"fusion-text fusion-text-5\"><p>La naturalidad marca las tendencias del interior. Una buena raz\u00f3n para a\u00f1adir otra decoraci\u00f3n de madera al exitoso Riva: el nuevo roble B\u00e9rgamo. Su suave contenido gris, el trazado vertical, el dibujo modesto y la sensaci\u00f3n de autenticidad lo hacen inconfundible. Sugerencia de estilo: El roble B\u00e9rgamo armoniza perfectamente con nuestras novedades en gris taup\u00e9 y basalto, pero tambi\u00e9n combina a la perfecci\u00f3n con la nueva superficie ultramate Easytouch en blanco.<\/p>\n<\/div><div class=\"fusion-clearfix\"><\/div><\/div><\/div><div class=\"fusion-layout-column fusion_builder_column fusion-builder-column-6 fusion_builder_column_1_1 1_1 fusion-one-full fusion-column-first fusion-column-last\" style=\"--awb-bg-size:cover;\"><div class=\"fusion-column-wrapper fusion-column-has-shadow fusion-flex-column-wrapper-legacy\"><div class=\"fusion-sep-clear\"><\/div><div class=\"fusion-separator fusion-full-width-sep\" style=\"margin-left: auto;margin-right: auto;margin-top:50px;width:100%;\"><\/div><div class=\"fusion-sep-clear\"><\/div><div class=\"fusion-clearfix\"><\/div><\/div><\/div><div class=\"fusion-layout-column fusion_builder_column fusion-builder-column-7 fusion_builder_column_1_2 1_2 fusion-one-half fusion-column-first\" style=\"--awb-bg-size:cover;width:50%;width:calc(50% - ( ( 4% ) * 0.5 ) );margin-right: 4%;\"><div class=\"fusion-column-wrapper fusion-column-has-shadow fusion-flex-column-wrapper-legacy\"><div class=\"fusion-title title fusion-title-6 fusion-sep-none fusion-title-center fusion-title-text fusion-title-size-four\" style=\"--awb-margin-top-small:0px;--awb-margin-right-small:0px;--awb-margin-bottom-small:20px;--awb-margin-left-small:0px;\"><h4 class=\"fusion-title-heading title-heading-center fusion-responsive-typography-calculated\" style=\"margin:0;--fontSize:30;line-height:1.5;\">SENSO 488<\/h4><\/div><div class=\"fusion-image-element in-legacy-container\" style=\"--awb-caption-title-font-family:var(--h2_typography-font-family);--awb-caption-title-font-weight:var(--h2_typography-font-weight);--awb-caption-title-font-style:var(--h2_typography-font-style);--awb-caption-title-size:var(--h2_typography-font-size);--awb-caption-title-transform:var(--h2_typography-text-transform);--awb-caption-title-line-height:var(--h2_typography-line-height);--awb-caption-title-letter-spacing:var(--h2_typography-letter-spacing);\"><span class=\" fusion-imageframe imageframe-none imageframe-6 hover-type-none\"><a class=\"fusion-no-lightbox\" href=\"https:\/\/casa-interior.com\/es\/portfolio-items\/kuchentime-senso-488\/\" target=\"_blank\" aria-label=\"Cocina moderna K\u00fcchentime Senso 488 Line N\" rel=\"noopener noreferrer\"><img decoding=\"async\" width=\"1024\" height=\"768\" alt=\"Cocina moderna K\u00fcchentime Senso 488 Line N\" src=\"https:\/\/casa-interior.com\/wp-content\/uploads\/2022\/12\/Kuchentime-Senso-488-Line-N-1-1-1024x768.jpg\" class=\"img-responsive wp-image-28070\" srcset=\"https:\/\/casa-interior.com\/wp-content\/uploads\/2022\/12\/Kuchentime-Senso-488-Line-N-1-1-200x150.jpg 200w, https:\/\/casa-interior.com\/wp-content\/uploads\/2022\/12\/Kuchentime-Senso-488-Line-N-1-1-400x300.jpg 400w, https:\/\/casa-interior.com\/wp-content\/uploads\/2022\/12\/Kuchentime-Senso-488-Line-N-1-1-600x450.jpg 600w, https:\/\/casa-interior.com\/wp-content\/uploads\/2022\/12\/Kuchentime-Senso-488-Line-N-1-1-800x600.jpg 800w, https:\/\/casa-interior.com\/wp-content\/uploads\/2022\/12\/Kuchentime-Senso-488-Line-N-1-1-1200x900.jpg 1200w, https:\/\/casa-interior.com\/wp-content\/uploads\/2022\/12\/Kuchentime-Senso-488-Line-N-1-1.jpg 1600w\" sizes=\"(max-width: 800px) 100vw, 600px\" \/><\/a><\/span><\/div><div class=\"fusion-sep-clear\"><\/div><div class=\"fusion-separator fusion-full-width-sep\" style=\"margin-left: auto;margin-right: auto;margin-top:50px;width:100%;\"><\/div><div class=\"fusion-sep-clear\"><\/div><div class=\"fusion-text fusion-text-6\"><p>El basalto gris taup\u00e9 con su robustez y estupendo aspecto completa nuestro programa de material laminado StoneArt e impresiona con su estructura de superficie profunda y aut\u00e9ntica que recuerda a la piedra real. Gracias al material laminado de alta calidad, StoneArt es especialmente resistente a los ara\u00f1azos y golpes, y destaca por su elevada robustez en el uso diario. La decoraci\u00f3n gris taup\u00e9 basalto est\u00e1 disponible tambi\u00e9n como encimera Xtra y combina perfectamente con el nuevo Easytouch en gris taup\u00e9.<\/p>\n<\/div><div class=\"fusion-clearfix\"><\/div><\/div><\/div><div class=\"fusion-layout-column fusion_builder_column fusion-builder-column-8 fusion_builder_column_1_2 1_2 fusion-one-half fusion-column-last\" style=\"--awb-bg-size:cover;width:50%;width:calc(50% - ( ( 4% ) * 0.5 ) );\"><div class=\"fusion-column-wrapper fusion-column-has-shadow fusion-flex-column-wrapper-legacy\"><div class=\"fusion-title title fusion-title-7 fusion-sep-none fusion-title-center fusion-title-text fusion-title-size-four\" style=\"--awb-margin-top-small:0px;--awb-margin-right-small:0px;--awb-margin-bottom-small:20px;--awb-margin-left-small:0px;\"><h4 class=\"fusion-title-heading title-heading-center fusion-responsive-typography-calculated\" style=\"margin:0;--fontSize:30;line-height:1.5;\">STONEART 305<\/h4><\/div><div class=\"fusion-image-element in-legacy-container\" style=\"--awb-caption-title-font-family:var(--h2_typography-font-family);--awb-caption-title-font-weight:var(--h2_typography-font-weight);--awb-caption-title-font-style:var(--h2_typography-font-style);--awb-caption-title-size:var(--h2_typography-font-size);--awb-caption-title-transform:var(--h2_typography-text-transform);--awb-caption-title-line-height:var(--h2_typography-line-height);--awb-caption-title-letter-spacing:var(--h2_typography-letter-spacing);\"><span class=\" fusion-imageframe imageframe-none imageframe-7 hover-type-none\"><a class=\"fusion-no-lightbox\" href=\"https:\/\/casa-interior.com\/es\/portfolio-items\/kuchentime-stoneart-305\/\" target=\"_blank\" aria-label=\"Cocina moderna K\u00fcchentime StoneArt 305 Line N\" rel=\"noopener noreferrer\"><img decoding=\"async\" width=\"1024\" height=\"768\" alt=\"Cocina moderna K\u00fcchentime StoneArt 305 Line N\" src=\"https:\/\/casa-interior.com\/wp-content\/uploads\/2022\/11\/Kuchentime-StoneArt-305-Line-N-1-1-1024x768.jpg\" class=\"img-responsive wp-image-28119\" srcset=\"https:\/\/casa-interior.com\/wp-content\/uploads\/2022\/11\/Kuchentime-StoneArt-305-Line-N-1-1-200x150.jpg 200w, https:\/\/casa-interior.com\/wp-content\/uploads\/2022\/11\/Kuchentime-StoneArt-305-Line-N-1-1-400x300.jpg 400w, https:\/\/casa-interior.com\/wp-content\/uploads\/2022\/11\/Kuchentime-StoneArt-305-Line-N-1-1-600x450.jpg 600w, https:\/\/casa-interior.com\/wp-content\/uploads\/2022\/11\/Kuchentime-StoneArt-305-Line-N-1-1-800x600.jpg 800w, https:\/\/casa-interior.com\/wp-content\/uploads\/2022\/11\/Kuchentime-StoneArt-305-Line-N-1-1-1200x900.jpg 1200w, https:\/\/casa-interior.com\/wp-content\/uploads\/2022\/11\/Kuchentime-StoneArt-305-Line-N-1-1.jpg 1600w\" sizes=\"(max-width: 800px) 100vw, 600px\" \/><\/a><\/span><\/div><div class=\"fusion-sep-clear\"><\/div><div class=\"fusion-separator fusion-full-width-sep\" style=\"margin-left: auto;margin-right: auto;margin-top:50px;width:100%;\"><\/div><div class=\"fusion-sep-clear\"><\/div><div class=\"fusion-text fusion-text-7\"><p>El basalto gris taup\u00e9 con su robustez y estupendo aspecto completa nuestro programa de material laminado StoneArt e impresiona con su estructura de superficie profunda y aut\u00e9ntica que recuerda a la piedra real. Gracias al material laminado de alta calidad, StoneArt es especialmente resistente a los ara\u00f1azos y golpes, y destaca por su elevada robustez en el uso diario. La decoraci\u00f3n gris taup\u00e9 basalto est\u00e1 disponible tambi\u00e9n como encimera Xtra y combina perfectamente con el nuevo Easytouch en gris taup\u00e9.<\/p>\n<\/div><div class=\"fusion-clearfix\"><\/div><\/div><\/div><\/div><\/div><\/p>\n","protected":false},"excerpt":{"rendered":"<p>Efectos de desinfectantes en las superficies de cocina (Corona virus 2020). Ya conocemos los efectos destructivos de los componentes de cloro y alcohol en nuestras superficies y materiales. No son adecuados para sus uso en la cocina.<\/p>\n","protected":false},"author":1,"featured_media":22938,"comment_status":"open","ping_status":"open","sticky":false,"template":"","format":"gallery","meta":{"footnotes":""},"categories":[1349],"tags":[2762,2768,2769,2770,2765,2767,2766,2027,920,1626,1312,2760,2761,2763,2771,2037,1624,2764,1619,1622],"class_list":["post-28151","post","type-post","status-publish","format-gallery","has-post-thumbnail","hentry","category-noticias","tag-2023-es","tag-305-es","tag-488-es","tag-778-es","tag-843-es","tag-968-es","tag-970-es","tag-articulo","tag-casa-interior-es","tag-cascada-es","tag-cocina","tag-cocina-clasica","tag-cocina-moderna","tag-easytouch-es","tag-line-n-es","tag-nobilia-es","tag-riva-es","tag-senso-es","tag-stoneart-es","tag-tendencia","post_format-post-format-gallery"],"yoast_head":"<!-- This site is optimized with the Yoast SEO plugin v27.3 - https:\/\/yoast.com\/product\/yoast-seo-wordpress\/ -->\n<title>Casa Interior - Blog - Diciembre 2022 - Nobilia: Nuevas tendencias 2023<\/title>\n<meta name=\"robots\" content=\"index, follow, max-snippet:-1, max-image-preview:large, max-video-preview:-1\" \/>\n<link rel=\"canonical\" href=\"https:\/\/casa-interior.com\/es\/2022\/12\/01\/nobilia-nuevas-tendencias-para-2023\/\" \/>\n<meta property=\"og:locale\" content=\"es_ES\" \/>\n<meta property=\"og:type\" content=\"article\" \/>\n<meta property=\"og:title\" content=\"Casa Interior - Blog - Diciembre 2022 - Nobilia: Nuevas tendencias 2023\" \/>\n<meta property=\"og:description\" content=\"Efectos de desinfectantes en las superficies de cocina (Corona virus 2020). Ya conocemos los efectos destructivos de los componentes de cloro y alcohol en nuestras superficies y materiales. No son adecuados para sus uso en la cocina.\" \/>\n<meta property=\"og:url\" content=\"https:\/\/casa-interior.com\/es\/2022\/12\/01\/nobilia-nuevas-tendencias-para-2023\/\" \/>\n<meta property=\"og:site_name\" content=\"Casa Interior\" \/>\n<meta property=\"article:publisher\" content=\"https:\/\/www.facebook.com\/kitchens.costa.blanca\/\" \/>\n<meta property=\"article:published_time\" content=\"2022-12-01T11:00:30+00:00\" \/>\n<meta property=\"article:modified_time\" content=\"2026-04-19T11:46:34+00:00\" \/>\n<meta property=\"og:image\" content=\"https:\/\/casa-interior.com\/wp-content\/uploads\/2020\/06\/Logo-Nobilia.jpg\" \/>\n\t<meta property=\"og:image:width\" content=\"1200\" \/>\n\t<meta property=\"og:image:height\" content=\"1200\" \/>\n\t<meta property=\"og:image:type\" content=\"image\/jpeg\" \/>\n<meta name=\"author\" content=\"niribas\" \/>\n<meta name=\"twitter:card\" content=\"summary_large_image\" \/>\n<meta name=\"twitter:label1\" content=\"Escrito por\" \/>\n\t<meta name=\"twitter:data1\" content=\"niribas\" \/>\n\t<meta name=\"twitter:label2\" content=\"Tiempo de lectura\" \/>\n\t<meta name=\"twitter:data2\" content=\"13 minutos\" \/>\n<script type=\"application\/ld+json\" class=\"yoast-schema-graph\">{\"@context\":\"https:\\\/\\\/schema.org\",\"@graph\":[{\"@type\":\"Article\",\"@id\":\"https:\\\/\\\/casa-interior.com\\\/es\\\/2022\\\/12\\\/01\\\/nobilia-nuevas-tendencias-para-2023\\\/#article\",\"isPartOf\":{\"@id\":\"https:\\\/\\\/casa-interior.com\\\/es\\\/2022\\\/12\\\/01\\\/nobilia-nuevas-tendencias-para-2023\\\/\"},\"author\":{\"name\":\"niribas\",\"@id\":\"https:\\\/\\\/casa-interior.com\\\/es\\\/#\\\/schema\\\/person\\\/20abc876fea262dc8fb98de5c5028bab\"},\"headline\":\"Nobilia: Nuevas tendencias para 2023\",\"datePublished\":\"2022-12-01T11:00:30+00:00\",\"dateModified\":\"2026-04-19T11:46:34+00:00\",\"mainEntityOfPage\":{\"@id\":\"https:\\\/\\\/casa-interior.com\\\/es\\\/2022\\\/12\\\/01\\\/nobilia-nuevas-tendencias-para-2023\\\/\"},\"wordCount\":6628,\"commentCount\":0,\"publisher\":{\"@id\":\"https:\\\/\\\/casa-interior.com\\\/es\\\/#organization\"},\"image\":{\"@id\":\"https:\\\/\\\/casa-interior.com\\\/es\\\/2022\\\/12\\\/01\\\/nobilia-nuevas-tendencias-para-2023\\\/#primaryimage\"},\"thumbnailUrl\":\"https:\\\/\\\/casa-interior.com\\\/wp-content\\\/uploads\\\/2020\\\/06\\\/Logo-Nobilia.jpg\",\"keywords\":[\"2023\",\"305\",\"488\",\"778\",\"843\",\"968\",\"970\",\"art\u00edculo\",\"Casa Interior\",\"Cascada\",\"Cocina\",\"cocina cl\u00e1sica\",\"cocina moderna\",\"Easytouch\",\"Line N\",\"Nobilia\",\"Riva\",\"Senso\",\"StoneArt\",\"Tendencia\"],\"articleSection\":[\"Noticias\"],\"inLanguage\":\"es\",\"potentialAction\":[{\"@type\":\"CommentAction\",\"name\":\"Comment\",\"target\":[\"https:\\\/\\\/casa-interior.com\\\/es\\\/2022\\\/12\\\/01\\\/nobilia-nuevas-tendencias-para-2023\\\/#respond\"]}]},{\"@type\":\"WebPage\",\"@id\":\"https:\\\/\\\/casa-interior.com\\\/es\\\/2022\\\/12\\\/01\\\/nobilia-nuevas-tendencias-para-2023\\\/\",\"url\":\"https:\\\/\\\/casa-interior.com\\\/es\\\/2022\\\/12\\\/01\\\/nobilia-nuevas-tendencias-para-2023\\\/\",\"name\":\"Casa Interior - Blog - Diciembre 2022 - Nobilia: Nuevas tendencias 2023\",\"isPartOf\":{\"@id\":\"https:\\\/\\\/casa-interior.com\\\/es\\\/#website\"},\"primaryImageOfPage\":{\"@id\":\"https:\\\/\\\/casa-interior.com\\\/es\\\/2022\\\/12\\\/01\\\/nobilia-nuevas-tendencias-para-2023\\\/#primaryimage\"},\"image\":{\"@id\":\"https:\\\/\\\/casa-interior.com\\\/es\\\/2022\\\/12\\\/01\\\/nobilia-nuevas-tendencias-para-2023\\\/#primaryimage\"},\"thumbnailUrl\":\"https:\\\/\\\/casa-interior.com\\\/wp-content\\\/uploads\\\/2020\\\/06\\\/Logo-Nobilia.jpg\",\"datePublished\":\"2022-12-01T11:00:30+00:00\",\"dateModified\":\"2026-04-19T11:46:34+00:00\",\"breadcrumb\":{\"@id\":\"https:\\\/\\\/casa-interior.com\\\/es\\\/2022\\\/12\\\/01\\\/nobilia-nuevas-tendencias-para-2023\\\/#breadcrumb\"},\"inLanguage\":\"es\",\"potentialAction\":[{\"@type\":\"ReadAction\",\"target\":[\"https:\\\/\\\/casa-interior.com\\\/es\\\/2022\\\/12\\\/01\\\/nobilia-nuevas-tendencias-para-2023\\\/\"]}]},{\"@type\":\"ImageObject\",\"inLanguage\":\"es\",\"@id\":\"https:\\\/\\\/casa-interior.com\\\/es\\\/2022\\\/12\\\/01\\\/nobilia-nuevas-tendencias-para-2023\\\/#primaryimage\",\"url\":\"https:\\\/\\\/casa-interior.com\\\/wp-content\\\/uploads\\\/2020\\\/06\\\/Logo-Nobilia.jpg\",\"contentUrl\":\"https:\\\/\\\/casa-interior.com\\\/wp-content\\\/uploads\\\/2020\\\/06\\\/Logo-Nobilia.jpg\",\"width\":1200,\"height\":1200,\"caption\":\"Logo Nobilia\"},{\"@type\":\"BreadcrumbList\",\"@id\":\"https:\\\/\\\/casa-interior.com\\\/es\\\/2022\\\/12\\\/01\\\/nobilia-nuevas-tendencias-para-2023\\\/#breadcrumb\",\"itemListElement\":[{\"@type\":\"ListItem\",\"position\":1,\"name\":\"Portada\",\"item\":\"https:\\\/\\\/casa-interior.com\\\/es\\\/casa-interior\\\/\"},{\"@type\":\"ListItem\",\"position\":2,\"name\":\"Nobilia: Nuevas tendencias para 2023\"}]},{\"@type\":\"WebSite\",\"@id\":\"https:\\\/\\\/casa-interior.com\\\/es\\\/#website\",\"url\":\"https:\\\/\\\/casa-interior.com\\\/es\\\/\",\"name\":\"Casa Interior\",\"description\":\"Kitchen Designers in Costa Blanca\",\"publisher\":{\"@id\":\"https:\\\/\\\/casa-interior.com\\\/es\\\/#organization\"},\"potentialAction\":[{\"@type\":\"SearchAction\",\"target\":{\"@type\":\"EntryPoint\",\"urlTemplate\":\"https:\\\/\\\/casa-interior.com\\\/es\\\/?s={search_term_string}\"},\"query-input\":{\"@type\":\"PropertyValueSpecification\",\"valueRequired\":true,\"valueName\":\"search_term_string\"}}],\"inLanguage\":\"es\"},{\"@type\":\"Organization\",\"@id\":\"https:\\\/\\\/casa-interior.com\\\/es\\\/#organization\",\"name\":\"Casa Interior\",\"url\":\"https:\\\/\\\/casa-interior.com\\\/es\\\/\",\"logo\":{\"@type\":\"ImageObject\",\"inLanguage\":\"es\",\"@id\":\"https:\\\/\\\/casa-interior.com\\\/es\\\/#\\\/schema\\\/logo\\\/image\\\/\",\"url\":\"https:\\\/\\\/casa-interior.com\\\/wp-content\\\/uploads\\\/2018\\\/03\\\/Logo-Casa-Interior-nuevo-150px.png\",\"contentUrl\":\"https:\\\/\\\/casa-interior.com\\\/wp-content\\\/uploads\\\/2018\\\/03\\\/Logo-Casa-Interior-nuevo-150px.png\",\"width\":150,\"height\":150,\"caption\":\"Casa Interior\"},\"image\":{\"@id\":\"https:\\\/\\\/casa-interior.com\\\/es\\\/#\\\/schema\\\/logo\\\/image\\\/\"},\"sameAs\":[\"https:\\\/\\\/www.facebook.com\\\/kitchens.costa.blanca\\\/\",\"https:\\\/\\\/www.instagram.com\\\/casainterioraltea\"]},{\"@type\":\"Person\",\"@id\":\"https:\\\/\\\/casa-interior.com\\\/es\\\/#\\\/schema\\\/person\\\/20abc876fea262dc8fb98de5c5028bab\",\"name\":\"niribas\",\"image\":{\"@type\":\"ImageObject\",\"inLanguage\":\"es\",\"@id\":\"https:\\\/\\\/secure.gravatar.com\\\/avatar\\\/cb35377b7c77649f38257f3ba6dc37b9c641db662db8478298a0d0522c4224a9?s=96&d=mm&r=g\",\"url\":\"https:\\\/\\\/secure.gravatar.com\\\/avatar\\\/cb35377b7c77649f38257f3ba6dc37b9c641db662db8478298a0d0522c4224a9?s=96&d=mm&r=g\",\"contentUrl\":\"https:\\\/\\\/secure.gravatar.com\\\/avatar\\\/cb35377b7c77649f38257f3ba6dc37b9c641db662db8478298a0d0522c4224a9?s=96&d=mm&r=g\",\"caption\":\"niribas\"},\"url\":\"https:\\\/\\\/casa-interior.com\\\/es\\\/author\\\/niribas\\\/\"}]}<\/script>\n<!-- \/ Yoast SEO plugin. -->","yoast_head_json":{"title":"Casa Interior - Blog - Diciembre 2022 - Nobilia: Nuevas tendencias 2023","robots":{"index":"index","follow":"follow","max-snippet":"max-snippet:-1","max-image-preview":"max-image-preview:large","max-video-preview":"max-video-preview:-1"},"canonical":"https:\/\/casa-interior.com\/es\/2022\/12\/01\/nobilia-nuevas-tendencias-para-2023\/","og_locale":"es_ES","og_type":"article","og_title":"Casa Interior - Blog - Diciembre 2022 - Nobilia: Nuevas tendencias 2023","og_description":"Efectos de desinfectantes en las superficies de cocina (Corona virus 2020). Ya conocemos los efectos destructivos de los componentes de cloro y alcohol en nuestras superficies y materiales. No son adecuados para sus uso en la cocina.","og_url":"https:\/\/casa-interior.com\/es\/2022\/12\/01\/nobilia-nuevas-tendencias-para-2023\/","og_site_name":"Casa Interior","article_publisher":"https:\/\/www.facebook.com\/kitchens.costa.blanca\/","article_published_time":"2022-12-01T11:00:30+00:00","article_modified_time":"2026-04-19T11:46:34+00:00","og_image":[{"width":1200,"height":1200,"url":"https:\/\/casa-interior.com\/wp-content\/uploads\/2020\/06\/Logo-Nobilia.jpg","type":"image\/jpeg"}],"author":"niribas","twitter_card":"summary_large_image","twitter_misc":{"Escrito por":"niribas","Tiempo de lectura":"13 minutos"},"schema":{"@context":"https:\/\/schema.org","@graph":[{"@type":"Article","@id":"https:\/\/casa-interior.com\/es\/2022\/12\/01\/nobilia-nuevas-tendencias-para-2023\/#article","isPartOf":{"@id":"https:\/\/casa-interior.com\/es\/2022\/12\/01\/nobilia-nuevas-tendencias-para-2023\/"},"author":{"name":"niribas","@id":"https:\/\/casa-interior.com\/es\/#\/schema\/person\/20abc876fea262dc8fb98de5c5028bab"},"headline":"Nobilia: Nuevas tendencias para 2023","datePublished":"2022-12-01T11:00:30+00:00","dateModified":"2026-04-19T11:46:34+00:00","mainEntityOfPage":{"@id":"https:\/\/casa-interior.com\/es\/2022\/12\/01\/nobilia-nuevas-tendencias-para-2023\/"},"wordCount":6628,"commentCount":0,"publisher":{"@id":"https:\/\/casa-interior.com\/es\/#organization"},"image":{"@id":"https:\/\/casa-interior.com\/es\/2022\/12\/01\/nobilia-nuevas-tendencias-para-2023\/#primaryimage"},"thumbnailUrl":"https:\/\/casa-interior.com\/wp-content\/uploads\/2020\/06\/Logo-Nobilia.jpg","keywords":["2023","305","488","778","843","968","970","art\u00edculo","Casa Interior","Cascada","Cocina","cocina cl\u00e1sica","cocina moderna","Easytouch","Line N","Nobilia","Riva","Senso","StoneArt","Tendencia"],"articleSection":["Noticias"],"inLanguage":"es","potentialAction":[{"@type":"CommentAction","name":"Comment","target":["https:\/\/casa-interior.com\/es\/2022\/12\/01\/nobilia-nuevas-tendencias-para-2023\/#respond"]}]},{"@type":"WebPage","@id":"https:\/\/casa-interior.com\/es\/2022\/12\/01\/nobilia-nuevas-tendencias-para-2023\/","url":"https:\/\/casa-interior.com\/es\/2022\/12\/01\/nobilia-nuevas-tendencias-para-2023\/","name":"Casa Interior - Blog - Diciembre 2022 - Nobilia: Nuevas tendencias 2023","isPartOf":{"@id":"https:\/\/casa-interior.com\/es\/#website"},"primaryImageOfPage":{"@id":"https:\/\/casa-interior.com\/es\/2022\/12\/01\/nobilia-nuevas-tendencias-para-2023\/#primaryimage"},"image":{"@id":"https:\/\/casa-interior.com\/es\/2022\/12\/01\/nobilia-nuevas-tendencias-para-2023\/#primaryimage"},"thumbnailUrl":"https:\/\/casa-interior.com\/wp-content\/uploads\/2020\/06\/Logo-Nobilia.jpg","datePublished":"2022-12-01T11:00:30+00:00","dateModified":"2026-04-19T11:46:34+00:00","breadcrumb":{"@id":"https:\/\/casa-interior.com\/es\/2022\/12\/01\/nobilia-nuevas-tendencias-para-2023\/#breadcrumb"},"inLanguage":"es","potentialAction":[{"@type":"ReadAction","target":["https:\/\/casa-interior.com\/es\/2022\/12\/01\/nobilia-nuevas-tendencias-para-2023\/"]}]},{"@type":"ImageObject","inLanguage":"es","@id":"https:\/\/casa-interior.com\/es\/2022\/12\/01\/nobilia-nuevas-tendencias-para-2023\/#primaryimage","url":"https:\/\/casa-interior.com\/wp-content\/uploads\/2020\/06\/Logo-Nobilia.jpg","contentUrl":"https:\/\/casa-interior.com\/wp-content\/uploads\/2020\/06\/Logo-Nobilia.jpg","width":1200,"height":1200,"caption":"Logo Nobilia"},{"@type":"BreadcrumbList","@id":"https:\/\/casa-interior.com\/es\/2022\/12\/01\/nobilia-nuevas-tendencias-para-2023\/#breadcrumb","itemListElement":[{"@type":"ListItem","position":1,"name":"Portada","item":"https:\/\/casa-interior.com\/es\/casa-interior\/"},{"@type":"ListItem","position":2,"name":"Nobilia: Nuevas tendencias para 2023"}]},{"@type":"WebSite","@id":"https:\/\/casa-interior.com\/es\/#website","url":"https:\/\/casa-interior.com\/es\/","name":"Casa Interior","description":"Kitchen Designers in Costa Blanca","publisher":{"@id":"https:\/\/casa-interior.com\/es\/#organization"},"potentialAction":[{"@type":"SearchAction","target":{"@type":"EntryPoint","urlTemplate":"https:\/\/casa-interior.com\/es\/?s={search_term_string}"},"query-input":{"@type":"PropertyValueSpecification","valueRequired":true,"valueName":"search_term_string"}}],"inLanguage":"es"},{"@type":"Organization","@id":"https:\/\/casa-interior.com\/es\/#organization","name":"Casa Interior","url":"https:\/\/casa-interior.com\/es\/","logo":{"@type":"ImageObject","inLanguage":"es","@id":"https:\/\/casa-interior.com\/es\/#\/schema\/logo\/image\/","url":"https:\/\/casa-interior.com\/wp-content\/uploads\/2018\/03\/Logo-Casa-Interior-nuevo-150px.png","contentUrl":"https:\/\/casa-interior.com\/wp-content\/uploads\/2018\/03\/Logo-Casa-Interior-nuevo-150px.png","width":150,"height":150,"caption":"Casa Interior"},"image":{"@id":"https:\/\/casa-interior.com\/es\/#\/schema\/logo\/image\/"},"sameAs":["https:\/\/www.facebook.com\/kitchens.costa.blanca\/","https:\/\/www.instagram.com\/casainterioraltea"]},{"@type":"Person","@id":"https:\/\/casa-interior.com\/es\/#\/schema\/person\/20abc876fea262dc8fb98de5c5028bab","name":"niribas","image":{"@type":"ImageObject","inLanguage":"es","@id":"https:\/\/secure.gravatar.com\/avatar\/cb35377b7c77649f38257f3ba6dc37b9c641db662db8478298a0d0522c4224a9?s=96&d=mm&r=g","url":"https:\/\/secure.gravatar.com\/avatar\/cb35377b7c77649f38257f3ba6dc37b9c641db662db8478298a0d0522c4224a9?s=96&d=mm&r=g","contentUrl":"https:\/\/secure.gravatar.com\/avatar\/cb35377b7c77649f38257f3ba6dc37b9c641db662db8478298a0d0522c4224a9?s=96&d=mm&r=g","caption":"niribas"},"url":"https:\/\/casa-interior.com\/es\/author\/niribas\/"}]}},"_links":{"self":[{"href":"https:\/\/casa-interior.com\/es\/wp-json\/wp\/v2\/posts\/28151","targetHints":{"allow":["GET"]}}],"collection":[{"href":"https:\/\/casa-interior.com\/es\/wp-json\/wp\/v2\/posts"}],"about":[{"href":"https:\/\/casa-interior.com\/es\/wp-json\/wp\/v2\/types\/post"}],"author":[{"embeddable":true,"href":"https:\/\/casa-interior.com\/es\/wp-json\/wp\/v2\/users\/1"}],"replies":[{"embeddable":true,"href":"https:\/\/casa-interior.com\/es\/wp-json\/wp\/v2\/comments?post=28151"}],"version-history":[{"count":4,"href":"https:\/\/casa-interior.com\/es\/wp-json\/wp\/v2\/posts\/28151\/revisions"}],"predecessor-version":[{"id":30161,"href":"https:\/\/casa-interior.com\/es\/wp-json\/wp\/v2\/posts\/28151\/revisions\/30161"}],"wp:featuredmedia":[{"embeddable":true,"href":"https:\/\/casa-interior.com\/es\/wp-json\/wp\/v2\/media\/22938"}],"wp:attachment":[{"href":"https:\/\/casa-interior.com\/es\/wp-json\/wp\/v2\/media?parent=28151"}],"wp:term":[{"taxonomy":"category","embeddable":true,"href":"https:\/\/casa-interior.com\/es\/wp-json\/wp\/v2\/categories?post=28151"},{"taxonomy":"post_tag","embeddable":true,"href":"https:\/\/casa-interior.com\/es\/wp-json\/wp\/v2\/tags?post=28151"}],"curies":[{"name":"wp","href":"https:\/\/api.w.org\/{rel}","templated":true}]}}